{"id":3488,"date":"2026-01-19T10:03:38","date_gmt":"2026-01-19T16:03:38","guid":{"rendered":"https:\/\/girasolmultimedios.com\/portal\/?p=3488"},"modified":"2026-01-19T10:03:38","modified_gmt":"2026-01-19T16:03:38","slug":"tiktok-bloquea-segunda-cuenta-creada-por-juan-orlando-hernandez","status":"publish","type":"post","link":"https:\/\/girasolmultimedios.com\/portal\/tiktok-bloquea-segunda-cuenta-creada-por-juan-orlando-hernandez\/","title":{"rendered":"TikTok bloquea segunda cuenta creada por Juan Orlando Hern\u00e1ndez"},"content":{"rendered":"\n<p>La segunda cuenta en la red social TikTok que hab\u00eda creado el expresidente hondure\u00f1o\u00a0Juan Orlando Hern\u00e1ndez\u00a0fue bloqueada, minutos despu\u00e9s de que denunciara p\u00fablicamente el cierre de su cuenta oficial.<\/p>\n\n\n\n<p>Hern\u00e1ndez hab\u00eda informado el d\u00eda anterior que su perfil principal en TikTok fue cerrado tras reportes realizados por usuarios, raz\u00f3n por la cual decidi\u00f3 crear una cuenta alterna como respaldo. Sin embargo, esta segunda cuenta tambi\u00e9n fue deshabilitada poco tiempo despu\u00e9s.<\/p>\n\n\n\n<p>\u201cEsta cuenta la cre\u00e9 como respaldo\u201d, hab\u00eda se\u00f1alado el exmandatario al referirse al nuevo perfil, el cual ahora aparece como \u201cno disponible\u201d en la plataforma.<\/p>\n\n\n\n<p>Con esta acci\u00f3n, Juan Orlando Hern\u00e1ndez queda sin ninguna cuenta activa en TikTok, red social que utilizaba para emitir mensajes y comunicarse con sus seguidores.<\/p>\n\n\n\n<p>Hasta el momento, TikTok no ha emitido un pronunciamiento oficial detallando los motivos espec\u00edficos del bloqueo de ambas cuentas, ni si se trat\u00f3 de una violaci\u00f3n a las normas comunitarias o de una medida derivada de m\u00faltiples reportes de usuarios.<\/p>\n\n\n\n<p>El cierre de los perfiles ocurre en medio de la atenci\u00f3n p\u00fablica que a\u00fan rodea al expresidente, quien contin\u00faa siendo una figura pol\u00e9mica en el \u00e1mbito pol\u00edtico nacional.<\/p>\n","protected":false},"excerpt":{"rendered":"<p>La segunda cuenta en la red social TikTok que hab\u00eda creado el expresidente hondure\u00f1o\u00a0Juan Orlando Hern\u00e1ndez\u00a0fue bloqueada, minutos despu\u00e9s de que denunciara p\u00fablicamente el cierre de su cuenta oficial. Hern\u00e1ndez hab\u00eda informado el d\u00eda anterior que su perfil principal en TikTok fue cerrado tras reportes realizados por usuarios, raz\u00f3n por la cual decidi\u00f3 crear una [&hellip;]<\/p>\n","protected":false},"author":2,"featured_media":3489,"comment_status":"closed","ping_status":"open","sticky":false,"template":"","format":"standard","meta":{"_seopress_robots_primary_cat":"","_seopress_titles_title":"","_seopress_titles_desc":"","_seopress_robots_index":"","footnotes":""},"categories":[1],"tags":[],"class_list":["post-3488","post","type-post","status-publish","format-standard","has-post-thumbnail","hentry","category-sin-categoria"],"_links":{"self":[{"href":"https:\/\/girasolmultimedios.com\/portal\/wp-json\/wp\/v2\/posts\/3488","targetHints":{"allow":["GET"]}}],"collection":[{"href":"https:\/\/girasolmultimedios.com\/portal\/wp-json\/wp\/v2\/posts"}],"about":[{"href":"https:\/\/girasolmultimedios.com\/portal\/wp-json\/wp\/v2\/types\/post"}],"author":[{"embeddable":true,"href":"https:\/\/girasolmultimedios.com\/portal\/wp-json\/wp\/v2\/users\/2"}],"replies":[{"embeddable":true,"href":"https:\/\/girasolmultimedios.com\/portal\/wp-json\/wp\/v2\/comments?post=3488"}],"version-history":[{"count":1,"href":"https:\/\/girasolmultimedios.com\/portal\/wp-json\/wp\/v2\/posts\/3488\/revisions"}],"predecessor-version":[{"id":3490,"href":"https:\/\/girasolmultimedios.com\/portal\/wp-json\/wp\/v2\/posts\/3488\/revisions\/3490"}],"wp:featuredmedia":[{"embeddable":true,"href":"https:\/\/girasolmultimedios.com\/portal\/wp-json\/wp\/v2\/media\/3489"}],"wp:attachment":[{"href":"https:\/\/girasolmultimedios.com\/portal\/wp-json\/wp\/v2\/media?parent=3488"}],"wp:term":[{"taxonomy":"category","embeddable":true,"href":"https:\/\/girasolmultimedios.com\/portal\/wp-json\/wp\/v2\/categories?post=3488"},{"taxonomy":"post_tag","embeddable":true,"href":"https:\/\/girasolmultimedios.com\/portal\/wp-json\/wp\/v2\/tags?post=3488"}],"curies":[{"name":"wp","href":"https:\/\/api.w.org\/{rel}","templated":true}]}}