{"id":3495,"date":"2026-01-19T10:13:31","date_gmt":"2026-01-19T16:13:31","guid":{"rendered":"https:\/\/girasolmultimedios.com\/portal\/?p=3495"},"modified":"2026-01-19T10:13:32","modified_gmt":"2026-01-19T16:13:32","slug":"lluvias-causan-danos-en-viviendas-y-derrumbes-en-santos-guardiola-islas-de-la-bahia","status":"publish","type":"post","link":"https:\/\/girasolmultimedios.com\/portal\/lluvias-causan-danos-en-viviendas-y-derrumbes-en-santos-guardiola-islas-de-la-bahia\/","title":{"rendered":"Lluvias causan da\u00f1os en viviendas y derrumbes en Santos Guardiola, Islas de la Bah\u00eda"},"content":{"rendered":"\n<p>Varias viviendas da\u00f1adas, derrumbes y ca\u00edda de \u00e1rboles se reportaron este lunes en el municipio de Santos Guardiola, en el departamento de\u00a0Islas de la Bah\u00eda, como consecuencia de las fuertes lluvias que han afectado la zona insular del pa\u00eds.<\/p>\n\n\n\n<p>Ante la emergencia, elementos del Cuerpo de Bomberos de Honduras se movilizaron a distintos sectores del municipio para brindar apoyo a la poblaci\u00f3n, realizando labores de evacuaci\u00f3n, remoci\u00f3n de escombros y evaluaci\u00f3n de da\u00f1os.<\/p>\n\n\n\n<p>De acuerdo con los reportes preliminares, varias personas tuvieron que ser evacuadas de manera preventiva, debido al riesgo inminente por la crecida de r\u00edos y quebradas, as\u00ed como por la posibilidad de deslizamientos de tierra que podr\u00edan soterrar viviendas.<\/p>\n\n\n\n<p>Las autoridades recordaron que el departamento de Islas de la Bah\u00eda, junto a otros sectores del litoral atl\u00e1ntico, permanece bajo alerta amarilla, decretada por la Comisi\u00f3n Permanente de Contingencias (Copeco), ante el ingreso de una masa de aire fr\u00edo que continuar\u00e1 generando lluvias y condiciones inestables.<\/p>\n\n\n\n<p>Copeco y los cuerpos de socorro hicieron un llamado a la poblaci\u00f3n a mantenerse alerta, atender las recomendaciones oficiales y evacuar de inmediato si las autoridades lo consideran necesario, especialmente en zonas vulnerables a inundaciones y deslaves.<\/p>\n","protected":false},"excerpt":{"rendered":"<p>Varias viviendas da\u00f1adas, derrumbes y ca\u00edda de \u00e1rboles se reportaron este lunes en el municipio de Santos Guardiola, en el departamento de\u00a0Islas de la Bah\u00eda, como consecuencia de las fuertes lluvias que han afectado la zona insular del pa\u00eds. Ante la emergencia, elementos del Cuerpo de Bomberos de Honduras se movilizaron a distintos sectores del [&hellip;]<\/p>\n","protected":false},"author":2,"featured_media":3496,"comment_status":"closed","ping_status":"open","sticky":false,"template":"","format":"standard","meta":{"_seopress_robots_primary_cat":"","_seopress_titles_title":"","_seopress_titles_desc":"","_seopress_robots_index":"","footnotes":""},"categories":[1],"tags":[],"class_list":["post-3495","post","type-post","status-publish","format-standard","has-post-thumbnail","hentry","category-sin-categoria"],"_links":{"self":[{"href":"https:\/\/girasolmultimedios.com\/portal\/wp-json\/wp\/v2\/posts\/3495","targetHints":{"allow":["GET"]}}],"collection":[{"href":"https:\/\/girasolmultimedios.com\/portal\/wp-json\/wp\/v2\/posts"}],"about":[{"href":"https:\/\/girasolmultimedios.com\/portal\/wp-json\/wp\/v2\/types\/post"}],"author":[{"embeddable":true,"href":"https:\/\/girasolmultimedios.com\/portal\/wp-json\/wp\/v2\/users\/2"}],"replies":[{"embeddable":true,"href":"https:\/\/girasolmultimedios.com\/portal\/wp-json\/wp\/v2\/comments?post=3495"}],"version-history":[{"count":1,"href":"https:\/\/girasolmultimedios.com\/portal\/wp-json\/wp\/v2\/posts\/3495\/revisions"}],"predecessor-version":[{"id":3497,"href":"https:\/\/girasolmultimedios.com\/portal\/wp-json\/wp\/v2\/posts\/3495\/revisions\/3497"}],"wp:featuredmedia":[{"embeddable":true,"href":"https:\/\/girasolmultimedios.com\/portal\/wp-json\/wp\/v2\/media\/3496"}],"wp:attachment":[{"href":"https:\/\/girasolmultimedios.com\/portal\/wp-json\/wp\/v2\/media?parent=3495"}],"wp:term":[{"taxonomy":"category","embeddable":true,"href":"https:\/\/girasolmultimedios.com\/portal\/wp-json\/wp\/v2\/categories?post=3495"},{"taxonomy":"post_tag","embeddable":true,"href":"https:\/\/girasolmultimedios.com\/portal\/wp-json\/wp\/v2\/tags?post=3495"}],"curies":[{"name":"wp","href":"https:\/\/api.w.org\/{rel}","templated":true}]}}