{"id":3504,"date":"2026-01-19T10:18:45","date_gmt":"2026-01-19T16:18:45","guid":{"rendered":"https:\/\/girasolmultimedios.com\/portal\/?p=3504"},"modified":"2026-01-19T10:18:46","modified_gmt":"2026-01-19T16:18:46","slug":"por-cada-mil-adolescentes-97-resultan-embarazadas","status":"publish","type":"post","link":"https:\/\/girasolmultimedios.com\/portal\/por-cada-mil-adolescentes-97-resultan-embarazadas\/","title":{"rendered":"Por cada mil adolescentes 97 resultan embarazadas"},"content":{"rendered":"\n<p>El embarazo entre adolescentes, en Honduras, sigue siendo un desaf\u00edo significativo, con datos recientes del Fondo de Poblaci\u00f3n de las Naciones Unidas (UNFPA) y otras fuentes que se\u00f1alan que el 22.9 por ciento de las menores entre 15-19 a\u00f1os pasaron por estado de gravidez.<\/p>\n\n\n\n<p>Lamentablemente este fen\u00f3meno agrava la pobreza y el desarrollo del pa\u00eds, seg\u00fan el informe \u201cConsecuencias Socioecon\u00f3micas del Embarazo en la Adolescencia en Honduras\u201d, elaborado por UNFPA.<\/p>\n\n\n\n<p>El impacto econ\u00f3mico del embarazo temprano sobre la actividad productiva se estima en 297 millones de d\u00f3lares, lo que constituye el 1.18 por ciento del Producto Interno Bruto (PIB).<\/p>\n\n\n\n<p>La tasa espec\u00edfica de fecundidad adolescente es de alrededor de 97 por cada 1,000 mujeres de ese grupo, aunque otras fuentes mencionan cifras hist\u00f3ricas m\u00e1s altas (137).<\/p>\n\n\n\n<p>Estas cifras impactan negativamente en educaci\u00f3n, empleo e ingresos, mientras el pa\u00eds busca fortalecer compromisos para la prevenci\u00f3n mediante educaci\u00f3n sexual y planificaci\u00f3n familiar.<\/p>\n\n\n\n<p>La Asesora Nacional de G\u00e9nero y Derechos Sexuales y Reproductivos de Plan International Honduras, Olenka Garc\u00eda, se\u00f1al\u00f3 que el pa\u00eds sigue registrando una de las tasas m\u00e1s elevadas de embarazos en adolescentes.<\/p>\n\n\n\n<p>\u201cDesafortunadamente la tasa del pa\u00eds se mantiene en 97 nacimientos por mil adolescentes, entre 15 y 19 a\u00f1os de edad. Es una de las m\u00e1s altas que se tiene a nivel de Latinoam\u00e9rica, y a nivel global\u201d, indic\u00f3.<\/p>\n\n\n\n<h3 class=\"wp-block-heading\">URGE POL\u00cdTICA P\u00daBLICA<\/h3>\n\n\n\n<p>Garc\u00eda, enfatiz\u00f3 que es urgente una pol\u00edtica p\u00fablica nacional interinstitucional, que tenga presupuesto, pero que primordialmente reconozca el problema de los embarazos en adolescentes. Adem\u00e1s, de garantizar el acceso a m\u00e9todos anticonceptivos y a la educaci\u00f3n sexual.<\/p>\n\n\n\n<p>\u201cComo Plan Internacional, nuestro trabajo es poder fortalecer todos los entornos protectores, que permitan brindar seguridad f\u00edsica y emocional a las adolescentes, que se puedan respetar sus derechos, una educaci\u00f3n integral, recalc\u00f3.<\/p>\n\n\n\n<p>En coordinaci\u00f3n con el sector educaci\u00f3n y salud emprenden acciones de prevenci\u00f3n, generando acceso a los servicios de salud sexual y reproductiva, recibiendo consejer\u00edas y apoyo sicosocial.<\/p>\n\n\n\n<p>Entre los hallazgos del informe, resalta que quienes se convierten en adolescentes con hijos, tienen el menor nivel educativo, enfrentando una tasa de desempleo del 11 por ciento, frente al 8 por ciento de las mujeres que se convirtieron en madres en la edad adulta.<\/p>\n\n\n\n<p>\u201cNo se puede normalizar ver a una ni\u00f1a adolescente embarazada, algo que se ve, m\u00e1s arraigado en las \u00e1reas rurales. La mayor causa son las normas tradicionales, sociales, que pensamos que una chica de 15 a\u00f1os est\u00e1 lista para formar una familia\u201d.<\/p>\n\n\n\n<p>\u201cPara m\u00ed, este es el principal problema, el c\u00f3mo se arraigan y normalizan estas normas. Esto hace que se limite las decisiones y las oportunidades de las adolescentes, se restringe su autonom\u00eda\u201d, recalc\u00f3.<\/p>\n","protected":false},"excerpt":{"rendered":"<p>El embarazo entre adolescentes, en Honduras, sigue siendo un desaf\u00edo significativo, con datos recientes del Fondo de Poblaci\u00f3n de las Naciones Unidas (UNFPA) y otras fuentes que se\u00f1alan que el 22.9 por ciento de las menores entre 15-19 a\u00f1os pasaron por estado de gravidez. Lamentablemente este fen\u00f3meno agrava la pobreza y el desarrollo del pa\u00eds, [&hellip;]<\/p>\n","protected":false},"author":2,"featured_media":3505,"comment_status":"closed","ping_status":"open","sticky":false,"template":"","format":"standard","meta":{"_seopress_robots_primary_cat":"","_seopress_titles_title":"","_seopress_titles_desc":"","_seopress_robots_index":"","footnotes":""},"categories":[1],"tags":[],"class_list":["post-3504","post","type-post","status-publish","format-standard","has-post-thumbnail","hentry","category-sin-categoria"],"_links":{"self":[{"href":"https:\/\/girasolmultimedios.com\/portal\/wp-json\/wp\/v2\/posts\/3504","targetHints":{"allow":["GET"]}}],"collection":[{"href":"https:\/\/girasolmultimedios.com\/portal\/wp-json\/wp\/v2\/posts"}],"about":[{"href":"https:\/\/girasolmultimedios.com\/portal\/wp-json\/wp\/v2\/types\/post"}],"author":[{"embeddable":true,"href":"https:\/\/girasolmultimedios.com\/portal\/wp-json\/wp\/v2\/users\/2"}],"replies":[{"embeddable":true,"href":"https:\/\/girasolmultimedios.com\/portal\/wp-json\/wp\/v2\/comments?post=3504"}],"version-history":[{"count":1,"href":"https:\/\/girasolmultimedios.com\/portal\/wp-json\/wp\/v2\/posts\/3504\/revisions"}],"predecessor-version":[{"id":3506,"href":"https:\/\/girasolmultimedios.com\/portal\/wp-json\/wp\/v2\/posts\/3504\/revisions\/3506"}],"wp:featuredmedia":[{"embeddable":true,"href":"https:\/\/girasolmultimedios.com\/portal\/wp-json\/wp\/v2\/media\/3505"}],"wp:attachment":[{"href":"https:\/\/girasolmultimedios.com\/portal\/wp-json\/wp\/v2\/media?parent=3504"}],"wp:term":[{"taxonomy":"category","embeddable":true,"href":"https:\/\/girasolmultimedios.com\/portal\/wp-json\/wp\/v2\/categories?post=3504"},{"taxonomy":"post_tag","embeddable":true,"href":"https:\/\/girasolmultimedios.com\/portal\/wp-json\/wp\/v2\/tags?post=3504"}],"curies":[{"name":"wp","href":"https:\/\/api.w.org\/{rel}","templated":true}]}}