{"id":3508,"date":"2026-01-20T10:03:45","date_gmt":"2026-01-20T16:03:45","guid":{"rendered":"https:\/\/girasolmultimedios.com\/portal\/?p=3508"},"modified":"2026-01-20T10:03:46","modified_gmt":"2026-01-20T16:03:46","slug":"ana-paola-hall-responde-a-redondo-no-existe-disposicion-constitucional-ni-legal-que-faculte-al-cne-reabrir-procesos-de-conteo-ya-emitida-declaratoria","status":"publish","type":"post","link":"https:\/\/girasolmultimedios.com\/portal\/ana-paola-hall-responde-a-redondo-no-existe-disposicion-constitucional-ni-legal-que-faculte-al-cne-reabrir-procesos-de-conteo-ya-emitida-declaratoria\/","title":{"rendered":"Ana Paola Hall responde a Redondo: \u201cNo existe disposici\u00f3n constitucional ni legal que faculte al CNE reabrir procesos de conteo ya emitida declaratoria\u201d"},"content":{"rendered":"\n<p>La presidenta del\u00a0Consejo Nacional Electoral (CNE), Ana Paola Hall, afirm\u00f3 que el \u00f3rgano electoral no puede acatar la solicitud del presidente del Congreso Nacional, Luis Redondo, para informar plazos o iniciar acciones derivadas del Decreto No. 58-2025, al carecer de sustento constitucional y legal.<\/p>\n\n\n\n<p>Hall explic\u00f3 que el CNE es un \u00f3rgano constitucional aut\u00f3nomo e independiente, sin subordinaci\u00f3n a ning\u00fan poder del Estado, y que ya emiti\u00f3 la declaratoria oficial de elecciones conforme al orden constitucional, lo que agot\u00f3 su competencia administrativa en materia de escrutinio y conteo de votos.<\/p>\n\n\n\n<p>La titular del CNE subray\u00f3 que no existe ninguna disposici\u00f3n legal o constitucional que autorice al Consejo a reabrir procesos de conteo una vez emitida la declaratoria oficial, ni a ejecutar instrucciones de Redondo que pretendan incidir sobre actos electorales firmes y definitivos.<\/p>\n\n\n\n<p>Hall recalc\u00f3 que cualquier cuestionamiento posterior a la declaratoria electoral solo puede tramitarse a trav\u00e9s de las v\u00edas jurisdiccionales establecidas en la ley.<\/p>\n\n\n\n<p>En consecuencia, concluy\u00f3 que el CNE se encuentra jur\u00eddicamente imposibilitado de se\u00f1alar plazos o iniciar actuaciones en los t\u00e9rminos solicitados por el Legislativo.<\/p>\n\n\n\n<p><\/p>\n","protected":false},"excerpt":{"rendered":"<p>La presidenta del\u00a0Consejo Nacional Electoral (CNE), Ana Paola Hall, afirm\u00f3 que el \u00f3rgano electoral no puede acatar la solicitud del presidente del Congreso Nacional, Luis Redondo, para informar plazos o iniciar acciones derivadas del Decreto No. 58-2025, al carecer de sustento constitucional y legal. Hall explic\u00f3 que el CNE es un \u00f3rgano constitucional aut\u00f3nomo e [&hellip;]<\/p>\n","protected":false},"author":2,"featured_media":3509,"comment_status":"closed","ping_status":"open","sticky":false,"template":"","format":"standard","meta":{"_seopress_robots_primary_cat":"","_seopress_titles_title":"","_seopress_titles_desc":"","_seopress_robots_index":"","footnotes":""},"categories":[1],"tags":[],"class_list":["post-3508","post","type-post","status-publish","format-standard","has-post-thumbnail","hentry","category-sin-categoria"],"_links":{"self":[{"href":"https:\/\/girasolmultimedios.com\/portal\/wp-json\/wp\/v2\/posts\/3508","targetHints":{"allow":["GET"]}}],"collection":[{"href":"https:\/\/girasolmultimedios.com\/portal\/wp-json\/wp\/v2\/posts"}],"about":[{"href":"https:\/\/girasolmultimedios.com\/portal\/wp-json\/wp\/v2\/types\/post"}],"author":[{"embeddable":true,"href":"https:\/\/girasolmultimedios.com\/portal\/wp-json\/wp\/v2\/users\/2"}],"replies":[{"embeddable":true,"href":"https:\/\/girasolmultimedios.com\/portal\/wp-json\/wp\/v2\/comments?post=3508"}],"version-history":[{"count":1,"href":"https:\/\/girasolmultimedios.com\/portal\/wp-json\/wp\/v2\/posts\/3508\/revisions"}],"predecessor-version":[{"id":3510,"href":"https:\/\/girasolmultimedios.com\/portal\/wp-json\/wp\/v2\/posts\/3508\/revisions\/3510"}],"wp:featuredmedia":[{"embeddable":true,"href":"https:\/\/girasolmultimedios.com\/portal\/wp-json\/wp\/v2\/media\/3509"}],"wp:attachment":[{"href":"https:\/\/girasolmultimedios.com\/portal\/wp-json\/wp\/v2\/media?parent=3508"}],"wp:term":[{"taxonomy":"category","embeddable":true,"href":"https:\/\/girasolmultimedios.com\/portal\/wp-json\/wp\/v2\/categories?post=3508"},{"taxonomy":"post_tag","embeddable":true,"href":"https:\/\/girasolmultimedios.com\/portal\/wp-json\/wp\/v2\/tags?post=3508"}],"curies":[{"name":"wp","href":"https:\/\/api.w.org\/{rel}","templated":true}]}}