{"id":3520,"date":"2026-01-20T10:13:17","date_gmt":"2026-01-20T16:13:17","guid":{"rendered":"https:\/\/girasolmultimedios.com\/portal\/?p=3520"},"modified":"2026-01-20T10:13:17","modified_gmt":"2026-01-20T16:13:17","slug":"cohep-reitera-importancia-de-dialogo-con-nuevo-gobierno-para-atraer-inversion","status":"publish","type":"post","link":"https:\/\/girasolmultimedios.com\/portal\/cohep-reitera-importancia-de-dialogo-con-nuevo-gobierno-para-atraer-inversion\/","title":{"rendered":"Cohep reitera importancia de di\u00e1logo con nuevo gobierno para atraer inversi\u00f3n"},"content":{"rendered":"\n<p>El gerente de Pol\u00edtica Econ\u00f3mica del\u00a0Consejo Hondure\u00f1o de la Empresa Privada (Cohep)\u00a0afirm\u00f3 que el di\u00e1logo con el nuevo gobierno resulta clave para atraer inversi\u00f3n a Honduras y lograr resultados econ\u00f3micos sostenibles.<\/p>\n\n\n\n<p>Santiago Herrera destac\u00f3 que la apertura mostrada por la nueva administraci\u00f3n hacia el sector privado genera expectativas positivas y establece un acercamiento permanente para resolver los principales problemas del pa\u00eds.<\/p>\n\n\n\n<p>El representante empresarial reconoci\u00f3 que el gobierno saliente realiz\u00f3 un esfuerzo significativo en materia de infraestructura vial, lo que sent\u00f3 bases importantes que, a su criterio, el nuevo gobierno debe preservar y fortalecer para no frenar el desarrollo.<\/p>\n\n\n\n<p>Herrera subray\u00f3 la urgencia de trabajar de forma responsable y sistem\u00e1tica para aprovechar la oportunidad de transformar la realidad nacional y obtener resultados favorables en el corto y mediano plazo.<\/p>\n\n\n\n<p>Asimismo, reiter\u00f3 el compromiso del sector privado de trabajar de la mano con el sector p\u00fablico, al considerar que la cooperaci\u00f3n entre ambos sectores constituye la se\u00f1al m\u00e1s clara para impulsar la inversi\u00f3n nacional que Honduras necesita.<\/p>\n\n\n\n<p>El Cohep insisti\u00f3 en que mantener los avances en infraestructura y fortalecer la colaboraci\u00f3n con el nuevo gobierno resultan fundamentales para generar resultados econ\u00f3micos tangibles.<\/p>\n","protected":false},"excerpt":{"rendered":"<p>El gerente de Pol\u00edtica Econ\u00f3mica del\u00a0Consejo Hondure\u00f1o de la Empresa Privada (Cohep)\u00a0afirm\u00f3 que el di\u00e1logo con el nuevo gobierno resulta clave para atraer inversi\u00f3n a Honduras y lograr resultados econ\u00f3micos sostenibles. Santiago Herrera destac\u00f3 que la apertura mostrada por la nueva administraci\u00f3n hacia el sector privado genera expectativas positivas y establece un acercamiento permanente para [&hellip;]<\/p>\n","protected":false},"author":2,"featured_media":3521,"comment_status":"closed","ping_status":"open","sticky":false,"template":"","format":"standard","meta":{"_seopress_robots_primary_cat":"","_seopress_titles_title":"","_seopress_titles_desc":"","_seopress_robots_index":"","footnotes":""},"categories":[1],"tags":[],"class_list":["post-3520","post","type-post","status-publish","format-standard","has-post-thumbnail","hentry","category-sin-categoria"],"_links":{"self":[{"href":"https:\/\/girasolmultimedios.com\/portal\/wp-json\/wp\/v2\/posts\/3520","targetHints":{"allow":["GET"]}}],"collection":[{"href":"https:\/\/girasolmultimedios.com\/portal\/wp-json\/wp\/v2\/posts"}],"about":[{"href":"https:\/\/girasolmultimedios.com\/portal\/wp-json\/wp\/v2\/types\/post"}],"author":[{"embeddable":true,"href":"https:\/\/girasolmultimedios.com\/portal\/wp-json\/wp\/v2\/users\/2"}],"replies":[{"embeddable":true,"href":"https:\/\/girasolmultimedios.com\/portal\/wp-json\/wp\/v2\/comments?post=3520"}],"version-history":[{"count":1,"href":"https:\/\/girasolmultimedios.com\/portal\/wp-json\/wp\/v2\/posts\/3520\/revisions"}],"predecessor-version":[{"id":3522,"href":"https:\/\/girasolmultimedios.com\/portal\/wp-json\/wp\/v2\/posts\/3520\/revisions\/3522"}],"wp:featuredmedia":[{"embeddable":true,"href":"https:\/\/girasolmultimedios.com\/portal\/wp-json\/wp\/v2\/media\/3521"}],"wp:attachment":[{"href":"https:\/\/girasolmultimedios.com\/portal\/wp-json\/wp\/v2\/media?parent=3520"}],"wp:term":[{"taxonomy":"category","embeddable":true,"href":"https:\/\/girasolmultimedios.com\/portal\/wp-json\/wp\/v2\/categories?post=3520"},{"taxonomy":"post_tag","embeddable":true,"href":"https:\/\/girasolmultimedios.com\/portal\/wp-json\/wp\/v2\/tags?post=3520"}],"curies":[{"name":"wp","href":"https:\/\/api.w.org\/{rel}","templated":true}]}}