{"id":3535,"date":"2026-01-20T10:25:23","date_gmt":"2026-01-20T16:25:23","guid":{"rendered":"https:\/\/girasolmultimedios.com\/portal\/?p=3535"},"modified":"2026-01-20T10:25:24","modified_gmt":"2026-01-20T16:25:24","slug":"autoridades-liberan-a-persona-raptada-tras-enfrentamiento-en-yoro","status":"publish","type":"post","link":"https:\/\/girasolmultimedios.com\/portal\/autoridades-liberan-a-persona-raptada-tras-enfrentamiento-en-yoro\/","title":{"rendered":"Autoridades liberan a persona raptada tras enfrentamiento en Yoro"},"content":{"rendered":"\n<p>La Polic\u00eda Nacional de Honduras logr\u00f3 este lunes la exitosa liberaci\u00f3n de una persona que se encontraba privada de libertad, en una operaci\u00f3n realizada en el municipio de Victoria, departamento de Yoro.<\/p>\n\n\n\n<p>La acci\u00f3n policial se desarroll\u00f3 luego de labores de inteligencia y seguimiento que permitieron ubicar el lugar donde la v\u00edctima era retenida.<\/p>\n\n\n\n<p>Durante la intervenci\u00f3n, se produjo un enfrentamiento armado entre los agentes y los presuntos captores, quienes \u2014seg\u00fan versiones preliminares\u2014 vest\u00edan prendas que aparentaban ser uniformes militares.<\/p>\n\n\n\n<p>De manera extraoficial se maneja que algunos de los presuntos secuestradores resultaron heridos durante el intercambio de disparos. La persona rescatada se encuentra sana y salva, recibiendo la atenci\u00f3n correspondiente por parte de las autoridades.<\/p>\n\n\n\n<p>La Polic\u00eda Nacional mantiene activas las investigaciones para esclarecer en su totalidad los hechos, identificar plenamente a los involucrados, determinar las motivaciones del secuestro y establecer si existen v\u00ednculos con otras estructuras criminales en la zona.<\/p>\n\n\n\n<p>La instituci\u00f3n reitera su compromiso firme e inquebrantable en la lucha frontal contra el secuestro, el crimen organizado y toda forma de delincuencia que afecte la seguridad y tranquilidad de las familias hondure\u00f1as.<\/p>\n","protected":false},"excerpt":{"rendered":"<p>La Polic\u00eda Nacional de Honduras logr\u00f3 este lunes la exitosa liberaci\u00f3n de una persona que se encontraba privada de libertad, en una operaci\u00f3n realizada en el municipio de Victoria, departamento de Yoro. La acci\u00f3n policial se desarroll\u00f3 luego de labores de inteligencia y seguimiento que permitieron ubicar el lugar donde la v\u00edctima era retenida. Durante [&hellip;]<\/p>\n","protected":false},"author":2,"featured_media":3536,"comment_status":"closed","ping_status":"open","sticky":false,"template":"","format":"standard","meta":{"_seopress_robots_primary_cat":"","_seopress_titles_title":"","_seopress_titles_desc":"","_seopress_robots_index":"","footnotes":""},"categories":[1],"tags":[],"class_list":["post-3535","post","type-post","status-publish","format-standard","has-post-thumbnail","hentry","category-sin-categoria"],"_links":{"self":[{"href":"https:\/\/girasolmultimedios.com\/portal\/wp-json\/wp\/v2\/posts\/3535","targetHints":{"allow":["GET"]}}],"collection":[{"href":"https:\/\/girasolmultimedios.com\/portal\/wp-json\/wp\/v2\/posts"}],"about":[{"href":"https:\/\/girasolmultimedios.com\/portal\/wp-json\/wp\/v2\/types\/post"}],"author":[{"embeddable":true,"href":"https:\/\/girasolmultimedios.com\/portal\/wp-json\/wp\/v2\/users\/2"}],"replies":[{"embeddable":true,"href":"https:\/\/girasolmultimedios.com\/portal\/wp-json\/wp\/v2\/comments?post=3535"}],"version-history":[{"count":1,"href":"https:\/\/girasolmultimedios.com\/portal\/wp-json\/wp\/v2\/posts\/3535\/revisions"}],"predecessor-version":[{"id":3537,"href":"https:\/\/girasolmultimedios.com\/portal\/wp-json\/wp\/v2\/posts\/3535\/revisions\/3537"}],"wp:featuredmedia":[{"embeddable":true,"href":"https:\/\/girasolmultimedios.com\/portal\/wp-json\/wp\/v2\/media\/3536"}],"wp:attachment":[{"href":"https:\/\/girasolmultimedios.com\/portal\/wp-json\/wp\/v2\/media?parent=3535"}],"wp:term":[{"taxonomy":"category","embeddable":true,"href":"https:\/\/girasolmultimedios.com\/portal\/wp-json\/wp\/v2\/categories?post=3535"},{"taxonomy":"post_tag","embeddable":true,"href":"https:\/\/girasolmultimedios.com\/portal\/wp-json\/wp\/v2\/tags?post=3535"}],"curies":[{"name":"wp","href":"https:\/\/api.w.org\/{rel}","templated":true}]}}