{"id":3538,"date":"2026-01-21T09:42:29","date_gmt":"2026-01-21T15:42:29","guid":{"rendered":"https:\/\/girasolmultimedios.com\/portal\/?p=3538"},"modified":"2026-01-21T09:42:29","modified_gmt":"2026-01-21T15:42:29","slug":"tomas-zambrano-honduras-quiere-un-congreso-nacional-con-dialogo-y-que-construya-consensos","status":"publish","type":"post","link":"https:\/\/girasolmultimedios.com\/portal\/tomas-zambrano-honduras-quiere-un-congreso-nacional-con-dialogo-y-que-construya-consensos\/","title":{"rendered":"Tom\u00e1s Zambrano: Honduras quiere un Congreso Nacional con di\u00e1logo y que construya consensos"},"content":{"rendered":"\n<p>El diputado electo del\u00a0Partido Nacional de Honduras (PNH), Tom\u00e1s Zambrano, previo a la instalaci\u00f3n de la Junta Directiva Provisional del Congreso Nacional, brind\u00f3 declaraciones al respecto.<\/p>\n\n\n\n<p>Zambrano detall\u00f3 que la bancada nacionalista tom\u00f3 la determinaci\u00f3n de reunirse en un punto de Tegucigalpa, capital de Honduras, para llegar todos juntos.<\/p>\n\n\n\n<p>Esta medida se debe por las agresiones de colectivos del Partido Libertad y Refundaci\u00f3n (Libre) contra el diputado electo Rolando Contreras, hermano del edil sampedrano, Roberto Contreras.<\/p>\n\n\n\n<h4 class=\"wp-block-heading\"><strong><em>Di\u00e1logo con liberales<\/em><\/strong><\/h4>\n\n\n\n<p>El diputado nacionalista, indic\u00f3 que una vez llegando al hemiciclo, ya sea \u00e9l o una comisi\u00f3n de la bancada nacionalista estar\u00eda dialogando con el diputado Jorge C\u00e1lix, quien es el elegido por el Partido Liberal para presidir el Congreso Nacional.<\/p>\n\n\n\n<p>\u201cNuestro deseo es construir esa decisi\u00f3n y consenso con el Partido Liberal, PINU y DC por Honduras\u201d, se\u00f1al\u00f3 Zambrano.<\/p>\n\n\n\n<h4 class=\"wp-block-heading\"><em><strong>Cr\u00edticas al \u00faltimo Congreso<\/strong><\/em><\/h4>\n\n\n\n<p>Respecto al Congreso Nacional presidido por Luis Redondo, consider\u00f3 que fue uno de los m\u00e1s devaluados y criticados.<\/p>\n\n\n\n<p>\u201cAyer concluy\u00f3 uno de los congresos m\u00e1s devaluados, criticados y atacados, la gente lo catalog\u00f3 como el peor de la historia reciente\u201d.<\/p>\n\n\n\n<p>Asimismo, destac\u00f3 que Honduras quiere paz y di\u00e1logo en este nuevo Congreso Nacional.<\/p>\n\n\n\n<p>\u201cHonduras quiere cero odios, divisi\u00f3n y polarizaci\u00f3n, un congreso que tenga dialogo y que construya consensos y que tenga una agenda y compuesta con partidos pol\u00edticos y grupos de la sociedad\u201d, concluy\u00f3 Zambrano.<\/p>\n","protected":false},"excerpt":{"rendered":"<p>El diputado electo del\u00a0Partido Nacional de Honduras (PNH), Tom\u00e1s Zambrano, previo a la instalaci\u00f3n de la Junta Directiva Provisional del Congreso Nacional, brind\u00f3 declaraciones al respecto. Zambrano detall\u00f3 que la bancada nacionalista tom\u00f3 la determinaci\u00f3n de reunirse en un punto de Tegucigalpa, capital de Honduras, para llegar todos juntos. Esta medida se debe por las [&hellip;]<\/p>\n","protected":false},"author":2,"featured_media":3539,"comment_status":"closed","ping_status":"open","sticky":false,"template":"","format":"standard","meta":{"_seopress_robots_primary_cat":"","_seopress_titles_title":"","_seopress_titles_desc":"","_seopress_robots_index":"","footnotes":""},"categories":[1],"tags":[],"class_list":["post-3538","post","type-post","status-publish","format-standard","has-post-thumbnail","hentry","category-sin-categoria"],"_links":{"self":[{"href":"https:\/\/girasolmultimedios.com\/portal\/wp-json\/wp\/v2\/posts\/3538","targetHints":{"allow":["GET"]}}],"collection":[{"href":"https:\/\/girasolmultimedios.com\/portal\/wp-json\/wp\/v2\/posts"}],"about":[{"href":"https:\/\/girasolmultimedios.com\/portal\/wp-json\/wp\/v2\/types\/post"}],"author":[{"embeddable":true,"href":"https:\/\/girasolmultimedios.com\/portal\/wp-json\/wp\/v2\/users\/2"}],"replies":[{"embeddable":true,"href":"https:\/\/girasolmultimedios.com\/portal\/wp-json\/wp\/v2\/comments?post=3538"}],"version-history":[{"count":1,"href":"https:\/\/girasolmultimedios.com\/portal\/wp-json\/wp\/v2\/posts\/3538\/revisions"}],"predecessor-version":[{"id":3540,"href":"https:\/\/girasolmultimedios.com\/portal\/wp-json\/wp\/v2\/posts\/3538\/revisions\/3540"}],"wp:featuredmedia":[{"embeddable":true,"href":"https:\/\/girasolmultimedios.com\/portal\/wp-json\/wp\/v2\/media\/3539"}],"wp:attachment":[{"href":"https:\/\/girasolmultimedios.com\/portal\/wp-json\/wp\/v2\/media?parent=3538"}],"wp:term":[{"taxonomy":"category","embeddable":true,"href":"https:\/\/girasolmultimedios.com\/portal\/wp-json\/wp\/v2\/categories?post=3538"},{"taxonomy":"post_tag","embeddable":true,"href":"https:\/\/girasolmultimedios.com\/portal\/wp-json\/wp\/v2\/tags?post=3538"}],"curies":[{"name":"wp","href":"https:\/\/api.w.org\/{rel}","templated":true}]}}