{"id":3544,"date":"2026-01-21T09:46:51","date_gmt":"2026-01-21T15:46:51","guid":{"rendered":"https:\/\/girasolmultimedios.com\/portal\/?p=3544"},"modified":"2026-01-21T09:46:51","modified_gmt":"2026-01-21T15:46:51","slug":"sismos-de-magnitud-3-7-sacude-cercanias-de-cortes","status":"publish","type":"post","link":"https:\/\/girasolmultimedios.com\/portal\/sismos-de-magnitud-3-7-sacude-cercanias-de-cortes\/","title":{"rendered":"Sismos de magnitud 3.7 sacude cercan\u00edas de Cort\u00e9s"},"content":{"rendered":"\n<p>El\u00a0Centro Nacional de Estudios Atmosf\u00e9ricos, Oce\u00e1nicos y S\u00edsmicos (Cenaos), inform\u00f3 que este mi\u00e9rcoles se registr\u00f3 un sismo de magnitud 3.7 km en las cercan\u00edas de Cort\u00e9s, departamento de Honduras.<\/p>\n\n\n\n<p>Seg\u00fan el reporte, el sismo ocurri\u00f3 a las 04:02:56 de la madrugada, a 220 km de Tegucigalpa y a 16 km de Omoa.<\/p>\n\n\n\n<p>Asimismo, se\u00f1al\u00f3 que la latitud fue de 15.85\u00b0N y con una longitud de 88.17\u00b0W.<\/p>\n","protected":false},"excerpt":{"rendered":"<p>El\u00a0Centro Nacional de Estudios Atmosf\u00e9ricos, Oce\u00e1nicos y S\u00edsmicos (Cenaos), inform\u00f3 que este mi\u00e9rcoles se registr\u00f3 un sismo de magnitud 3.7 km en las cercan\u00edas de Cort\u00e9s, departamento de Honduras. Seg\u00fan el reporte, el sismo ocurri\u00f3 a las 04:02:56 de la madrugada, a 220 km de Tegucigalpa y a 16 km de Omoa. Asimismo, se\u00f1al\u00f3 que [&hellip;]<\/p>\n","protected":false},"author":2,"featured_media":3545,"comment_status":"closed","ping_status":"open","sticky":false,"template":"","format":"standard","meta":{"_seopress_robots_primary_cat":"","_seopress_titles_title":"","_seopress_titles_desc":"","_seopress_robots_index":"","footnotes":""},"categories":[1],"tags":[],"class_list":["post-3544","post","type-post","status-publish","format-standard","has-post-thumbnail","hentry","category-sin-categoria"],"_links":{"self":[{"href":"https:\/\/girasolmultimedios.com\/portal\/wp-json\/wp\/v2\/posts\/3544","targetHints":{"allow":["GET"]}}],"collection":[{"href":"https:\/\/girasolmultimedios.com\/portal\/wp-json\/wp\/v2\/posts"}],"about":[{"href":"https:\/\/girasolmultimedios.com\/portal\/wp-json\/wp\/v2\/types\/post"}],"author":[{"embeddable":true,"href":"https:\/\/girasolmultimedios.com\/portal\/wp-json\/wp\/v2\/users\/2"}],"replies":[{"embeddable":true,"href":"https:\/\/girasolmultimedios.com\/portal\/wp-json\/wp\/v2\/comments?post=3544"}],"version-history":[{"count":1,"href":"https:\/\/girasolmultimedios.com\/portal\/wp-json\/wp\/v2\/posts\/3544\/revisions"}],"predecessor-version":[{"id":3546,"href":"https:\/\/girasolmultimedios.com\/portal\/wp-json\/wp\/v2\/posts\/3544\/revisions\/3546"}],"wp:featuredmedia":[{"embeddable":true,"href":"https:\/\/girasolmultimedios.com\/portal\/wp-json\/wp\/v2\/media\/3545"}],"wp:attachment":[{"href":"https:\/\/girasolmultimedios.com\/portal\/wp-json\/wp\/v2\/media?parent=3544"}],"wp:term":[{"taxonomy":"category","embeddable":true,"href":"https:\/\/girasolmultimedios.com\/portal\/wp-json\/wp\/v2\/categories?post=3544"},{"taxonomy":"post_tag","embeddable":true,"href":"https:\/\/girasolmultimedios.com\/portal\/wp-json\/wp\/v2\/tags?post=3544"}],"curies":[{"name":"wp","href":"https:\/\/api.w.org\/{rel}","templated":true}]}}