{"id":3547,"date":"2026-01-21T09:50:30","date_gmt":"2026-01-21T15:50:30","guid":{"rendered":"https:\/\/girasolmultimedios.com\/portal\/?p=3547"},"modified":"2026-01-21T09:50:30","modified_gmt":"2026-01-21T15:50:30","slug":"marlon-lara-respalda-a-jorge-calix-para-presidir-el-congreso-nacional","status":"publish","type":"post","link":"https:\/\/girasolmultimedios.com\/portal\/marlon-lara-respalda-a-jorge-calix-para-presidir-el-congreso-nacional\/","title":{"rendered":"Marlon Lara respalda a Jorge C\u00e1lix para presidir el Congreso Nacional"},"content":{"rendered":"\n<p>El diputado del\u00a0Partido Liberal de Honduras (PLH), Marlon Lara, respald\u00f3 este d\u00eda la decisi\u00f3n de que Jorge C\u00e1lix sea el elegido por el liberalismo para presidir el pr\u00f3ximo Congreso Nacional.<\/p>\n\n\n\n<p>\u201cEste d\u00eda corresponde elegir la Junda Directiva Provisional del Congreso Nacional, el 23 ser\u00e1 la Junta Directiva en Propiedad para luego desarrollar una agenda correspondiente a los acuerdos hechos en el Cohep con las dos comisiones\u201d, destac\u00f3 Lara.<\/p>\n\n\n\n<h4 class=\"wp-block-heading\"><em><strong>Respaldo a Jorge C\u00e1lix<\/strong><\/em><\/h4>\n\n\n\n<p>Al ser consultado sobre una \u201ctraici\u00f3n\u201d de su bancada al elegir a C\u00e1lix para presidir el Congreso Nacional, Lara expres\u00f3 que todo es parte de la democracia en el liberalismo, por lo que respalda la decisi\u00f3n.<\/p>\n\n\n\n<p>\u201cEn el Partido Liberal somos respetuosos de los valores democr\u00e1ticos, decidimos ir a una votaci\u00f3n, \u00e9l ten\u00eda los votos y hoy lo vamos a acuerpar cuando presente su n\u00f3mina a la Junta Directiva Provisional\u201d. Sentenci\u00f3.<\/p>\n\n\n\n<p><\/p>\n","protected":false},"excerpt":{"rendered":"<p>El diputado del\u00a0Partido Liberal de Honduras (PLH), Marlon Lara, respald\u00f3 este d\u00eda la decisi\u00f3n de que Jorge C\u00e1lix sea el elegido por el liberalismo para presidir el pr\u00f3ximo Congreso Nacional. \u201cEste d\u00eda corresponde elegir la Junda Directiva Provisional del Congreso Nacional, el 23 ser\u00e1 la Junta Directiva en Propiedad para luego desarrollar una agenda correspondiente [&hellip;]<\/p>\n","protected":false},"author":2,"featured_media":3548,"comment_status":"closed","ping_status":"open","sticky":false,"template":"","format":"standard","meta":{"_seopress_robots_primary_cat":"","_seopress_titles_title":"","_seopress_titles_desc":"","_seopress_robots_index":"","footnotes":""},"categories":[1],"tags":[],"class_list":["post-3547","post","type-post","status-publish","format-standard","has-post-thumbnail","hentry","category-sin-categoria"],"_links":{"self":[{"href":"https:\/\/girasolmultimedios.com\/portal\/wp-json\/wp\/v2\/posts\/3547","targetHints":{"allow":["GET"]}}],"collection":[{"href":"https:\/\/girasolmultimedios.com\/portal\/wp-json\/wp\/v2\/posts"}],"about":[{"href":"https:\/\/girasolmultimedios.com\/portal\/wp-json\/wp\/v2\/types\/post"}],"author":[{"embeddable":true,"href":"https:\/\/girasolmultimedios.com\/portal\/wp-json\/wp\/v2\/users\/2"}],"replies":[{"embeddable":true,"href":"https:\/\/girasolmultimedios.com\/portal\/wp-json\/wp\/v2\/comments?post=3547"}],"version-history":[{"count":1,"href":"https:\/\/girasolmultimedios.com\/portal\/wp-json\/wp\/v2\/posts\/3547\/revisions"}],"predecessor-version":[{"id":3549,"href":"https:\/\/girasolmultimedios.com\/portal\/wp-json\/wp\/v2\/posts\/3547\/revisions\/3549"}],"wp:featuredmedia":[{"embeddable":true,"href":"https:\/\/girasolmultimedios.com\/portal\/wp-json\/wp\/v2\/media\/3548"}],"wp:attachment":[{"href":"https:\/\/girasolmultimedios.com\/portal\/wp-json\/wp\/v2\/media?parent=3547"}],"wp:term":[{"taxonomy":"category","embeddable":true,"href":"https:\/\/girasolmultimedios.com\/portal\/wp-json\/wp\/v2\/categories?post=3547"},{"taxonomy":"post_tag","embeddable":true,"href":"https:\/\/girasolmultimedios.com\/portal\/wp-json\/wp\/v2\/tags?post=3547"}],"curies":[{"name":"wp","href":"https:\/\/api.w.org\/{rel}","templated":true}]}}