{"id":3550,"date":"2026-01-21T09:53:12","date_gmt":"2026-01-21T15:53:12","guid":{"rendered":"https:\/\/girasolmultimedios.com\/portal\/?p=3550"},"modified":"2026-01-21T09:53:12","modified_gmt":"2026-01-21T15:53:12","slug":"recientes-lluvias-afectan-a-mas-de-28-mil-personas-en-honduras","status":"publish","type":"post","link":"https:\/\/girasolmultimedios.com\/portal\/recientes-lluvias-afectan-a-mas-de-28-mil-personas-en-honduras\/","title":{"rendered":"Recientes lluvias afectan a m\u00e1s de 28 mil personas en Honduras"},"content":{"rendered":"\n<p>La\u00a0Secretar\u00eda de Gesti\u00f3n de Riesgos y Contingencias\u00a0(Copeco)\u00a0inform\u00f3 que las lluvias han afectado a m\u00e1s de 6 mil familias y a m\u00e1s de 28 mil personas en Honduras. Las precipitaciones han provocado derrumbes, socavones, desbordamientos de r\u00edos y da\u00f1os en la infraestructura.<\/p>\n\n\n\n<p>Copeco advirti\u00f3 que la cifra de afectados podr\u00eda aumentar, ya que a\u00fan no contabiliza a las familias evacuadas en sectores de La Ceiba y Col\u00f3n.<\/p>\n\n\n\n<p>Las mayores incidencias se registran en Cort\u00e9s, Atl\u00e1ntida, Col\u00f3n e Islas de la Bah\u00eda, departamentos que permanecen bajo alerta amarilla.<\/p>\n\n\n\n<p>Mientras tanto, Santa B\u00e1rbara, Yoro, Gracias a Dios y el resto de Cort\u00e9s contin\u00faan en alerta verde.<\/p>\n\n\n\n<p>La instituci\u00f3n alert\u00f3 que las lluvias persistir\u00e1n de forma intermitente en el litoral Caribe, con acumulados que podr\u00edan superar los 60 mil\u00edmetros en las pr\u00f3ximas 12 horas.<\/p>\n\n\n\n<p>Tambi\u00e9n se reportan lluvias y lloviznas d\u00e9biles en Cop\u00e1n, Santa B\u00e1rbara, Yoro, Francisco Moraz\u00e1n, Lempira y Comayagua, as\u00ed como condiciones nubladas y temperaturas frescas en el occidente, centro y oriente del pa\u00eds.<\/p>\n\n\n\n<p>Copeco llam\u00f3 a la poblaci\u00f3n a mantener la precauci\u00f3n, ya que las lluvias son producto del desplazamiento de un frente fr\u00edo.<\/p>\n","protected":false},"excerpt":{"rendered":"<p>La\u00a0Secretar\u00eda de Gesti\u00f3n de Riesgos y Contingencias\u00a0(Copeco)\u00a0inform\u00f3 que las lluvias han afectado a m\u00e1s de 6 mil familias y a m\u00e1s de 28 mil personas en Honduras. Las precipitaciones han provocado derrumbes, socavones, desbordamientos de r\u00edos y da\u00f1os en la infraestructura. Copeco advirti\u00f3 que la cifra de afectados podr\u00eda aumentar, ya que a\u00fan no contabiliza [&hellip;]<\/p>\n","protected":false},"author":2,"featured_media":3551,"comment_status":"closed","ping_status":"open","sticky":false,"template":"","format":"standard","meta":{"_seopress_robots_primary_cat":"","_seopress_titles_title":"","_seopress_titles_desc":"","_seopress_robots_index":"","footnotes":""},"categories":[1],"tags":[],"class_list":["post-3550","post","type-post","status-publish","format-standard","has-post-thumbnail","hentry","category-sin-categoria"],"_links":{"self":[{"href":"https:\/\/girasolmultimedios.com\/portal\/wp-json\/wp\/v2\/posts\/3550","targetHints":{"allow":["GET"]}}],"collection":[{"href":"https:\/\/girasolmultimedios.com\/portal\/wp-json\/wp\/v2\/posts"}],"about":[{"href":"https:\/\/girasolmultimedios.com\/portal\/wp-json\/wp\/v2\/types\/post"}],"author":[{"embeddable":true,"href":"https:\/\/girasolmultimedios.com\/portal\/wp-json\/wp\/v2\/users\/2"}],"replies":[{"embeddable":true,"href":"https:\/\/girasolmultimedios.com\/portal\/wp-json\/wp\/v2\/comments?post=3550"}],"version-history":[{"count":1,"href":"https:\/\/girasolmultimedios.com\/portal\/wp-json\/wp\/v2\/posts\/3550\/revisions"}],"predecessor-version":[{"id":3552,"href":"https:\/\/girasolmultimedios.com\/portal\/wp-json\/wp\/v2\/posts\/3550\/revisions\/3552"}],"wp:featuredmedia":[{"embeddable":true,"href":"https:\/\/girasolmultimedios.com\/portal\/wp-json\/wp\/v2\/media\/3551"}],"wp:attachment":[{"href":"https:\/\/girasolmultimedios.com\/portal\/wp-json\/wp\/v2\/media?parent=3550"}],"wp:term":[{"taxonomy":"category","embeddable":true,"href":"https:\/\/girasolmultimedios.com\/portal\/wp-json\/wp\/v2\/categories?post=3550"},{"taxonomy":"post_tag","embeddable":true,"href":"https:\/\/girasolmultimedios.com\/portal\/wp-json\/wp\/v2\/tags?post=3550"}],"curies":[{"name":"wp","href":"https:\/\/api.w.org\/{rel}","templated":true}]}}