{"id":3553,"date":"2026-01-21T09:56:34","date_gmt":"2026-01-21T15:56:34","guid":{"rendered":"https:\/\/girasolmultimedios.com\/portal\/?p=3553"},"modified":"2026-01-21T09:56:34","modified_gmt":"2026-01-21T15:56:34","slug":"carlos-umana-no-hay-alianzas-los-41-votaremos-por-un-liberal","status":"publish","type":"post","link":"https:\/\/girasolmultimedios.com\/portal\/carlos-umana-no-hay-alianzas-los-41-votaremos-por-un-liberal\/","title":{"rendered":"Carlos Uma\u00f1a: \u201cNo hay alianzas, los 41 votaremos por un liberal\u201d"},"content":{"rendered":"\n<p>El diputado electo del Partido Liberal, Carlos Uma\u00f1a, asegur\u00f3 este mi\u00e9rcoles que la bancada liberal no respaldar\u00e1 a ning\u00fan candidato nacionalista para la presidencia de la Junta Directiva Provisional del Congreso Nacional, y advirti\u00f3 que, de no ser electo un liberal, ir\u00e1n \u201cplanilla contra planilla\u201d.<\/p>\n\n\n\n<p>\u201cHoy vamos por un liberal. La decisi\u00f3n de los 41 diputados liberales es que, si no es de nuestro partido, vamos a ir planilla contra planilla. No apoyaremos a ning\u00fan nacionalista en este momento, ni siquiera para la presidencia provisional\u201d, manifest\u00f3 Uma\u00f1a, al subrayar que la postura fue acordada en una reuni\u00f3n de bancada realizada la noche anterior.<\/p>\n\n\n\n<p>El parlamentario reiter\u00f3 que no existe ning\u00fan tipo de acuerdo con el partido Libertad y Refundaci\u00f3n (Libre), ni alianzas con otras fuerzas pol\u00edticas para la elecci\u00f3n de la Junta Provisional. \u201cNo tenemos ning\u00fan trato con Libre, no hay alianzas. Nos vamos planilla contra planilla; eso fue lo \u00faltimo que decidimos y esperamos que no haya cambios\u201d, enfatiz\u00f3.<\/p>\n\n\n\n<p>Uma\u00f1a a\u00f1adi\u00f3 que la bancada liberal votar\u00e1 en bloque por un candidato de su partido, descartando respaldar a aspirantes de otras organizaciones pol\u00edticas.<\/p>\n","protected":false},"excerpt":{"rendered":"<p>El diputado electo del Partido Liberal, Carlos Uma\u00f1a, asegur\u00f3 este mi\u00e9rcoles que la bancada liberal no respaldar\u00e1 a ning\u00fan candidato nacionalista para la presidencia de la Junta Directiva Provisional del Congreso Nacional, y advirti\u00f3 que, de no ser electo un liberal, ir\u00e1n \u201cplanilla contra planilla\u201d. \u201cHoy vamos por un liberal. La decisi\u00f3n de los 41 [&hellip;]<\/p>\n","protected":false},"author":2,"featured_media":3554,"comment_status":"closed","ping_status":"open","sticky":false,"template":"","format":"standard","meta":{"_seopress_robots_primary_cat":"","_seopress_titles_title":"","_seopress_titles_desc":"","_seopress_robots_index":"","footnotes":""},"categories":[1],"tags":[],"class_list":["post-3553","post","type-post","status-publish","format-standard","has-post-thumbnail","hentry","category-sin-categoria"],"_links":{"self":[{"href":"https:\/\/girasolmultimedios.com\/portal\/wp-json\/wp\/v2\/posts\/3553","targetHints":{"allow":["GET"]}}],"collection":[{"href":"https:\/\/girasolmultimedios.com\/portal\/wp-json\/wp\/v2\/posts"}],"about":[{"href":"https:\/\/girasolmultimedios.com\/portal\/wp-json\/wp\/v2\/types\/post"}],"author":[{"embeddable":true,"href":"https:\/\/girasolmultimedios.com\/portal\/wp-json\/wp\/v2\/users\/2"}],"replies":[{"embeddable":true,"href":"https:\/\/girasolmultimedios.com\/portal\/wp-json\/wp\/v2\/comments?post=3553"}],"version-history":[{"count":1,"href":"https:\/\/girasolmultimedios.com\/portal\/wp-json\/wp\/v2\/posts\/3553\/revisions"}],"predecessor-version":[{"id":3555,"href":"https:\/\/girasolmultimedios.com\/portal\/wp-json\/wp\/v2\/posts\/3553\/revisions\/3555"}],"wp:featuredmedia":[{"embeddable":true,"href":"https:\/\/girasolmultimedios.com\/portal\/wp-json\/wp\/v2\/media\/3554"}],"wp:attachment":[{"href":"https:\/\/girasolmultimedios.com\/portal\/wp-json\/wp\/v2\/media?parent=3553"}],"wp:term":[{"taxonomy":"category","embeddable":true,"href":"https:\/\/girasolmultimedios.com\/portal\/wp-json\/wp\/v2\/categories?post=3553"},{"taxonomy":"post_tag","embeddable":true,"href":"https:\/\/girasolmultimedios.com\/portal\/wp-json\/wp\/v2\/tags?post=3553"}],"curies":[{"name":"wp","href":"https:\/\/api.w.org\/{rel}","templated":true}]}}