{"id":3556,"date":"2026-01-21T09:58:33","date_gmt":"2026-01-21T15:58:33","guid":{"rendered":"https:\/\/girasolmultimedios.com\/portal\/?p=3556"},"modified":"2026-01-21T09:58:33","modified_gmt":"2026-01-21T15:58:33","slug":"partido-nacional-suma-23-nuevos-rostros-en-el-congreso-nacional","status":"publish","type":"post","link":"https:\/\/girasolmultimedios.com\/portal\/partido-nacional-suma-23-nuevos-rostros-en-el-congreso-nacional\/","title":{"rendered":"Partido Nacional suma 23 nuevos rostros en el Congreso Nacional"},"content":{"rendered":"\n<p>Un total de 23 diputados del Partido Nacional se integran por primera vez al Congreso Nacional de\u00a0Honduras\u00a0y participan este mi\u00e9rcoles en la instalaci\u00f3n de la Junta Directiva Provisional.<\/p>\n\n\n\n<p>Los nuevos parlamentarios inician su labor legislativa en un contexto de transici\u00f3n pol\u00edtica, con el desaf\u00edo de representar a sus respectivos departamentos y participar en decisiones clave que marcar\u00e1n el rumbo del pa\u00eds durante el nuevo per\u00edodo constitucional.<\/p>\n\n\n\n<p>La jornada simboliza el inicio formal de su vida parlamentaria dentro del hemiciclo legislativo, donde deber\u00e1n asumir responsabilidades en la discusi\u00f3n, elaboraci\u00f3n y aprobaci\u00f3n de leyes de inter\u00e9s nacional.<\/p>\n","protected":false},"excerpt":{"rendered":"<p>Un total de 23 diputados del Partido Nacional se integran por primera vez al Congreso Nacional de\u00a0Honduras\u00a0y participan este mi\u00e9rcoles en la instalaci\u00f3n de la Junta Directiva Provisional. Los nuevos parlamentarios inician su labor legislativa en un contexto de transici\u00f3n pol\u00edtica, con el desaf\u00edo de representar a sus respectivos departamentos y participar en decisiones clave [&hellip;]<\/p>\n","protected":false},"author":2,"featured_media":3557,"comment_status":"closed","ping_status":"open","sticky":false,"template":"","format":"standard","meta":{"_seopress_robots_primary_cat":"","_seopress_titles_title":"","_seopress_titles_desc":"","_seopress_robots_index":"","footnotes":""},"categories":[1],"tags":[],"class_list":["post-3556","post","type-post","status-publish","format-standard","has-post-thumbnail","hentry","category-sin-categoria"],"_links":{"self":[{"href":"https:\/\/girasolmultimedios.com\/portal\/wp-json\/wp\/v2\/posts\/3556","targetHints":{"allow":["GET"]}}],"collection":[{"href":"https:\/\/girasolmultimedios.com\/portal\/wp-json\/wp\/v2\/posts"}],"about":[{"href":"https:\/\/girasolmultimedios.com\/portal\/wp-json\/wp\/v2\/types\/post"}],"author":[{"embeddable":true,"href":"https:\/\/girasolmultimedios.com\/portal\/wp-json\/wp\/v2\/users\/2"}],"replies":[{"embeddable":true,"href":"https:\/\/girasolmultimedios.com\/portal\/wp-json\/wp\/v2\/comments?post=3556"}],"version-history":[{"count":1,"href":"https:\/\/girasolmultimedios.com\/portal\/wp-json\/wp\/v2\/posts\/3556\/revisions"}],"predecessor-version":[{"id":3558,"href":"https:\/\/girasolmultimedios.com\/portal\/wp-json\/wp\/v2\/posts\/3556\/revisions\/3558"}],"wp:featuredmedia":[{"embeddable":true,"href":"https:\/\/girasolmultimedios.com\/portal\/wp-json\/wp\/v2\/media\/3557"}],"wp:attachment":[{"href":"https:\/\/girasolmultimedios.com\/portal\/wp-json\/wp\/v2\/media?parent=3556"}],"wp:term":[{"taxonomy":"category","embeddable":true,"href":"https:\/\/girasolmultimedios.com\/portal\/wp-json\/wp\/v2\/categories?post=3556"},{"taxonomy":"post_tag","embeddable":true,"href":"https:\/\/girasolmultimedios.com\/portal\/wp-json\/wp\/v2\/tags?post=3556"}],"curies":[{"name":"wp","href":"https:\/\/api.w.org\/{rel}","templated":true}]}}