{"id":3580,"date":"2026-01-22T10:17:45","date_gmt":"2026-01-22T16:17:45","guid":{"rendered":"https:\/\/girasolmultimedios.com\/portal\/?p=3580"},"modified":"2026-01-22T10:17:45","modified_gmt":"2026-01-22T16:17:45","slug":"rashid-mejia-honduras-merece-un-congreso-que-trabaje","status":"publish","type":"post","link":"https:\/\/girasolmultimedios.com\/portal\/rashid-mejia-honduras-merece-un-congreso-que-trabaje\/","title":{"rendered":"Rashid Mej\u00eda: Honduras merece un congreso que trabaje"},"content":{"rendered":"\n<p>El diputado del\u00a0Partido Liberal, Rashid Mej\u00eda, se pronunci\u00f3 este jueves tras la elecci\u00f3n de la Junta Directiva Provisional del Congreso Nacional y expres\u00f3 su expectativa de que el nuevo Legislativo cumpla con una agenda clara de reformas y un trabajo efectivo en beneficio del pa\u00eds.<\/p>\n\n\n\n<p>A trav\u00e9s de un mensaje publicado en su cuenta de X, Mej\u00eda afirm\u00f3 que espera que este Congreso, al que calific\u00f3 como \u201cno impuesto a patadas\u201d, impulse cambios estructurales que respondan a las principales demandas de la poblaci\u00f3n.<\/p>\n\n\n\n<p>El parlamentario se\u00f1al\u00f3 como prioridades las reformas electorales, la reforma a la Ley Org\u00e1nica del Congreso Nacional, la aplicaci\u00f3n del juicio pol\u00edtico a los corruptos, as\u00ed como la generaci\u00f3n de empleo y el fortalecimiento de la seguridad en Honduras.<\/p>\n\n\n\n<p>Adem\u00e1s, enfatiz\u00f3 que los diputados deben asistir y cumplir con sus funciones, y advirti\u00f3 que no debe repetirse la par\u00e1lisis legislativa de per\u00edodos anteriores. \u201cHonduras merece un Congreso que s\u00ed trabaje\u201d, afirm\u00f3 Mej\u00eda, al asegurar que mantendr\u00e1 una postura firme y que no fallar\u00e1 a sus electores dentro del Poder Legislativo.<\/p>\n","protected":false},"excerpt":{"rendered":"<p>El diputado del\u00a0Partido Liberal, Rashid Mej\u00eda, se pronunci\u00f3 este jueves tras la elecci\u00f3n de la Junta Directiva Provisional del Congreso Nacional y expres\u00f3 su expectativa de que el nuevo Legislativo cumpla con una agenda clara de reformas y un trabajo efectivo en beneficio del pa\u00eds. A trav\u00e9s de un mensaje publicado en su cuenta de [&hellip;]<\/p>\n","protected":false},"author":2,"featured_media":3581,"comment_status":"closed","ping_status":"open","sticky":false,"template":"","format":"standard","meta":{"_seopress_robots_primary_cat":"","_seopress_titles_title":"","_seopress_titles_desc":"","_seopress_robots_index":"","footnotes":""},"categories":[1],"tags":[],"class_list":["post-3580","post","type-post","status-publish","format-standard","has-post-thumbnail","hentry","category-sin-categoria"],"_links":{"self":[{"href":"https:\/\/girasolmultimedios.com\/portal\/wp-json\/wp\/v2\/posts\/3580","targetHints":{"allow":["GET"]}}],"collection":[{"href":"https:\/\/girasolmultimedios.com\/portal\/wp-json\/wp\/v2\/posts"}],"about":[{"href":"https:\/\/girasolmultimedios.com\/portal\/wp-json\/wp\/v2\/types\/post"}],"author":[{"embeddable":true,"href":"https:\/\/girasolmultimedios.com\/portal\/wp-json\/wp\/v2\/users\/2"}],"replies":[{"embeddable":true,"href":"https:\/\/girasolmultimedios.com\/portal\/wp-json\/wp\/v2\/comments?post=3580"}],"version-history":[{"count":1,"href":"https:\/\/girasolmultimedios.com\/portal\/wp-json\/wp\/v2\/posts\/3580\/revisions"}],"predecessor-version":[{"id":3582,"href":"https:\/\/girasolmultimedios.com\/portal\/wp-json\/wp\/v2\/posts\/3580\/revisions\/3582"}],"wp:featuredmedia":[{"embeddable":true,"href":"https:\/\/girasolmultimedios.com\/portal\/wp-json\/wp\/v2\/media\/3581"}],"wp:attachment":[{"href":"https:\/\/girasolmultimedios.com\/portal\/wp-json\/wp\/v2\/media?parent=3580"}],"wp:term":[{"taxonomy":"category","embeddable":true,"href":"https:\/\/girasolmultimedios.com\/portal\/wp-json\/wp\/v2\/categories?post=3580"},{"taxonomy":"post_tag","embeddable":true,"href":"https:\/\/girasolmultimedios.com\/portal\/wp-json\/wp\/v2\/tags?post=3580"}],"curies":[{"name":"wp","href":"https:\/\/api.w.org\/{rel}","templated":true}]}}