{"id":3589,"date":"2026-01-22T10:30:17","date_gmt":"2026-01-22T16:30:17","guid":{"rendered":"https:\/\/girasolmultimedios.com\/portal\/?p=3589"},"modified":"2026-01-22T10:30:17","modified_gmt":"2026-01-22T16:30:17","slug":"parlamento-europeo-observadores-de-la-ue-y-oea-afirman-que-resultados-reflejan-voluntad-del-pueblo-hondureno","status":"publish","type":"post","link":"https:\/\/girasolmultimedios.com\/portal\/parlamento-europeo-observadores-de-la-ue-y-oea-afirman-que-resultados-reflejan-voluntad-del-pueblo-hondureno\/","title":{"rendered":"Parlamento Europeo: Observadores de la UE y OEA afirman que resultados reflejan voluntad del pueblo hondure\u00f1o"},"content":{"rendered":"\n<p>Este jueves, el\u00a0Parlamento Europeo\u00a0vot\u00f3 a favor de reconocer a Nasry Asfura como presidente electo de Honduras, reflejando as\u00ed la voluntad del pueblo hondure\u00f1o.<\/p>\n\n\n\n<p>De hecho, el parlamento consider\u00f3 el despliegue de observadores nacionales e internacionales, as\u00ed como de la Uni\u00f3n Europea (UE) y la Organizaci\u00f3n de los Estados Americanos (OEA).<\/p>\n\n\n\n<p>El Parlamento Europeo exhort\u00f3 en que la voluntad del pueblo hondure\u00f1o debe ser respetada y poner fin a la violencia e intimidaci\u00f3n.<\/p>\n\n\n\n<p>Adem\u00e1s, lament\u00f3 que el embajador de la UE en Honduras, Gonzalo Fournier no recibiera credenciales, por lo que espera que el gobierno entrante realice el tr\u00e1mite correspondiente.<\/p>\n\n\n\n<h4 class=\"wp-block-heading\"><em><strong>A continuaci\u00f3n, el comunicado completo.<\/strong><\/em><\/h4>\n\n\n\n<p>A.\u200bConsiderando que el 30 de noviembre de 2025 se celebraron elecciones generales en Honduras en un contexto de elevada polarizaci\u00f3n pol\u00edtica, injerencia extranjera, tensiones, fragilidad institucional e intimidaci\u00f3n de los medios de comunicaci\u00f3n; que, el 24 de diciembre de 2025, el Consejo Nacional Electoral (CNE) de Honduras proclam\u00f3 oficialmente a Nasry Asfura presidente electo y certific\u00f3 los resultados de los comicios municipales y de las elecciones al Congreso;<\/p>\n\n\n\n<p>B.\u200bConsiderando que se desplegaron observadores nacionales e internacionales, tambi\u00e9n de la Uni\u00f3n y la Organizaci\u00f3n de los Estados Americanos (OEA), que han declarado que los resultados reflejan la voluntad del pueblo; que los resultados fueron reconocidos internacionalmente, si bien hasta hace poco la presidenta en ejercicio, Xiomara Castro, era una de las personas que se negaba a admitir la victoria de Asfura;<\/p>\n\n\n\n<p>C.Considerando que los miembros del CNE se enfrentaron a amenazas e intimidaci\u00f3n en el contexto de la violencia pol\u00edtica y las tensiones en torno al proceso electoral;<\/p>\n\n\n\n<p>D.Considerando que, el 8 de enero de 2026, la diputada Gladis L\u00f3pez, del Partido Nacional en la oposici\u00f3n, result\u00f3 herida por un artefacto explosivo en el Congreso Nacional; que este ataque se produjo en un contexto de una agudizaci\u00f3n de las tensiones poselectorales y representa una escalada de la violencia pol\u00edtica que suscita serias preocupaciones en relaci\u00f3n con el pluralismo pol\u00edtico, la inmunidad parlamentaria y la seguridad personal;<\/p>\n\n\n\n<p>E.Considerando que, el 10 de enero, la presidenta saliente orden\u00f3 mediante decreto un nuevo recuento, eludiendo los procedimientos constitucionales; que el CNE declar\u00f3 inconstitucional este decreto, afirmando que se trataba de un intento de usurpaci\u00f3n de la autoridad electoral;<\/p>\n\n\n\n<p>F.Considerando que, en virtud de la Constituci\u00f3n, el 27 de enero es la fecha de la transici\u00f3n presidencial oficial, a la que la presidenta en ejercicio se ha comprometido;<\/p>\n","protected":false},"excerpt":{"rendered":"<p>Este jueves, el\u00a0Parlamento Europeo\u00a0vot\u00f3 a favor de reconocer a Nasry Asfura como presidente electo de Honduras, reflejando as\u00ed la voluntad del pueblo hondure\u00f1o. De hecho, el parlamento consider\u00f3 el despliegue de observadores nacionales e internacionales, as\u00ed como de la Uni\u00f3n Europea (UE) y la Organizaci\u00f3n de los Estados Americanos (OEA). El Parlamento Europeo exhort\u00f3 en [&hellip;]<\/p>\n","protected":false},"author":2,"featured_media":3590,"comment_status":"closed","ping_status":"open","sticky":false,"template":"","format":"standard","meta":{"_seopress_robots_primary_cat":"","_seopress_titles_title":"","_seopress_titles_desc":"","_seopress_robots_index":"","footnotes":""},"categories":[1],"tags":[],"class_list":["post-3589","post","type-post","status-publish","format-standard","has-post-thumbnail","hentry","category-sin-categoria"],"_links":{"self":[{"href":"https:\/\/girasolmultimedios.com\/portal\/wp-json\/wp\/v2\/posts\/3589","targetHints":{"allow":["GET"]}}],"collection":[{"href":"https:\/\/girasolmultimedios.com\/portal\/wp-json\/wp\/v2\/posts"}],"about":[{"href":"https:\/\/girasolmultimedios.com\/portal\/wp-json\/wp\/v2\/types\/post"}],"author":[{"embeddable":true,"href":"https:\/\/girasolmultimedios.com\/portal\/wp-json\/wp\/v2\/users\/2"}],"replies":[{"embeddable":true,"href":"https:\/\/girasolmultimedios.com\/portal\/wp-json\/wp\/v2\/comments?post=3589"}],"version-history":[{"count":1,"href":"https:\/\/girasolmultimedios.com\/portal\/wp-json\/wp\/v2\/posts\/3589\/revisions"}],"predecessor-version":[{"id":3591,"href":"https:\/\/girasolmultimedios.com\/portal\/wp-json\/wp\/v2\/posts\/3589\/revisions\/3591"}],"wp:featuredmedia":[{"embeddable":true,"href":"https:\/\/girasolmultimedios.com\/portal\/wp-json\/wp\/v2\/media\/3590"}],"wp:attachment":[{"href":"https:\/\/girasolmultimedios.com\/portal\/wp-json\/wp\/v2\/media?parent=3589"}],"wp:term":[{"taxonomy":"category","embeddable":true,"href":"https:\/\/girasolmultimedios.com\/portal\/wp-json\/wp\/v2\/categories?post=3589"},{"taxonomy":"post_tag","embeddable":true,"href":"https:\/\/girasolmultimedios.com\/portal\/wp-json\/wp\/v2\/tags?post=3589"}],"curies":[{"name":"wp","href":"https:\/\/api.w.org\/{rel}","templated":true}]}}