{"id":3601,"date":"2026-01-23T09:41:40","date_gmt":"2026-01-23T15:41:40","guid":{"rendered":"https:\/\/girasolmultimedios.com\/portal\/?p=3601"},"modified":"2026-01-23T09:41:40","modified_gmt":"2026-01-23T15:41:40","slug":"carlos-ledezma-el-congreso-inicia-con-pie-derecho-y-con-mandato-de-dialogo","status":"publish","type":"post","link":"https:\/\/girasolmultimedios.com\/portal\/carlos-ledezma-el-congreso-inicia-con-pie-derecho-y-con-mandato-de-dialogo\/","title":{"rendered":"Carlos Ledezma: \u201cEl Congreso inicia con pie derecho y con mandato de di\u00e1logo\u201d"},"content":{"rendered":"\n<p>El secretario de la Junta Directiva Provisional del Congreso Nacional, el diputado Carlos Ledezma, asegur\u00f3 que el nuevo Poder Legislativo inicia su gesti\u00f3n en un ambiente distinto, marcado por el di\u00e1logo y los consensos, luego de que la ciudadan\u00eda no otorgara mayor\u00eda absoluta a ning\u00fan partido en las elecciones generales del pasado 30 de noviembre.<\/p>\n\n\n\n<p>Ledezma sostuvo que el mensaje de las urnas fue claro: los hondure\u00f1os exigen acuerdos, estabilidad y trabajo conjunto, dejando atr\u00e1s la confrontaci\u00f3n pol\u00edtica que caracteriz\u00f3 al Congreso anterior. \u201cEl pueblo fue sabio, no entreg\u00f3 el poder a un solo partido, nos mand\u00f3 a sentarnos, dialogar y entendernos. La gente quiere tranquilidad, certidumbre y resultados\u201d, manifest\u00f3.<\/p>\n\n\n\n<p>El parlamentario destac\u00f3 que la elecci\u00f3n de la Junta Directiva Provisional, realizada el 21 de enero, evidenci\u00f3 la voluntad de consenso entre las distintas fuerzas pol\u00edticas. A\u00f1adi\u00f3 que este d\u00eda se proceder\u00e1 a la elecci\u00f3n de la Junta Directiva en propiedad, la cual \u2014seg\u00fan adelant\u00f3\u2014 contar\u00e1 con representaci\u00f3n de cuatro partidos, lo que marcar\u00e1 un precedente en la historia legislativa del pa\u00eds.<\/p>\n\n\n\n<p>En ese contexto, Ledezma expres\u00f3 que el reto es que el Congreso 2026-2030 sea recordado positivamente, a diferencia de la legislatura saliente, a la que calific\u00f3 como la peor desde 1982, tanto por su inicio como por su cierre, debido a la conflictividad y la falta de acuerdos.<\/p>\n\n\n\n<p>Entre los temas prioritarios del nuevo Congreso, el diputado mencion\u00f3 la generaci\u00f3n de empleo, se\u00f1alando que la derogaci\u00f3n de la Ley de Empleo por Hora fue un error que afect\u00f3 a miles de hondure\u00f1os. Indic\u00f3 que existe un acuerdo entre las bancadas para retomar este tema como uno de los primeros proyectos de ley a discutir.<\/p>\n\n\n\n<p>Asimismo, confirm\u00f3 que la agenda legislativa incluye reformas a la Ley Org\u00e1nica del Congreso Nacional y a la normativa electoral, con el objetivo de fortalecer la institucionalidad y evitar que los procesos democr\u00e1ticos dependan de intereses partidarios.<\/p>\n","protected":false},"excerpt":{"rendered":"<p>El secretario de la Junta Directiva Provisional del Congreso Nacional, el diputado Carlos Ledezma, asegur\u00f3 que el nuevo Poder Legislativo inicia su gesti\u00f3n en un ambiente distinto, marcado por el di\u00e1logo y los consensos, luego de que la ciudadan\u00eda no otorgara mayor\u00eda absoluta a ning\u00fan partido en las elecciones generales del pasado 30 de noviembre. [&hellip;]<\/p>\n","protected":false},"author":2,"featured_media":3602,"comment_status":"closed","ping_status":"open","sticky":false,"template":"","format":"standard","meta":{"_seopress_robots_primary_cat":"","_seopress_titles_title":"","_seopress_titles_desc":"","_seopress_robots_index":"","footnotes":""},"categories":[1],"tags":[],"class_list":["post-3601","post","type-post","status-publish","format-standard","has-post-thumbnail","hentry","category-sin-categoria"],"_links":{"self":[{"href":"https:\/\/girasolmultimedios.com\/portal\/wp-json\/wp\/v2\/posts\/3601","targetHints":{"allow":["GET"]}}],"collection":[{"href":"https:\/\/girasolmultimedios.com\/portal\/wp-json\/wp\/v2\/posts"}],"about":[{"href":"https:\/\/girasolmultimedios.com\/portal\/wp-json\/wp\/v2\/types\/post"}],"author":[{"embeddable":true,"href":"https:\/\/girasolmultimedios.com\/portal\/wp-json\/wp\/v2\/users\/2"}],"replies":[{"embeddable":true,"href":"https:\/\/girasolmultimedios.com\/portal\/wp-json\/wp\/v2\/comments?post=3601"}],"version-history":[{"count":1,"href":"https:\/\/girasolmultimedios.com\/portal\/wp-json\/wp\/v2\/posts\/3601\/revisions"}],"predecessor-version":[{"id":3603,"href":"https:\/\/girasolmultimedios.com\/portal\/wp-json\/wp\/v2\/posts\/3601\/revisions\/3603"}],"wp:featuredmedia":[{"embeddable":true,"href":"https:\/\/girasolmultimedios.com\/portal\/wp-json\/wp\/v2\/media\/3602"}],"wp:attachment":[{"href":"https:\/\/girasolmultimedios.com\/portal\/wp-json\/wp\/v2\/media?parent=3601"}],"wp:term":[{"taxonomy":"category","embeddable":true,"href":"https:\/\/girasolmultimedios.com\/portal\/wp-json\/wp\/v2\/categories?post=3601"},{"taxonomy":"post_tag","embeddable":true,"href":"https:\/\/girasolmultimedios.com\/portal\/wp-json\/wp\/v2\/tags?post=3601"}],"curies":[{"name":"wp","href":"https:\/\/api.w.org\/{rel}","templated":true}]}}