{"id":3604,"date":"2026-01-23T09:45:09","date_gmt":"2026-01-23T15:45:09","guid":{"rendered":"https:\/\/girasolmultimedios.com\/portal\/?p=3604"},"modified":"2026-01-23T09:45:10","modified_gmt":"2026-01-23T15:45:10","slug":"cuando-toman-posesion-los-alcaldes-electos-fechas-horarios-y-sedes-en-honduras","status":"publish","type":"post","link":"https:\/\/girasolmultimedios.com\/portal\/cuando-toman-posesion-los-alcaldes-electos-fechas-horarios-y-sedes-en-honduras\/","title":{"rendered":"\u00bfCu\u00e1ndo toman posesi\u00f3n los alcaldes electos? Fechas, horarios y sedes en Honduras"},"content":{"rendered":"\n<p>Este domingo 25 de enero,\u00a0Honduras\u00a0vivir\u00e1 una jornada clave de relevo institucional con la toma de posesi\u00f3n de los 298 alcaldes electos que gobernar\u00e1n los municipios del pa\u00eds durante el per\u00edodo 2026-2030. Los actos protocolarios se desarrollar\u00e1n de manera simult\u00e1nea en distintas ciudades, marcando el inicio formal del nuevo ciclo de gobiernos locales.<\/p>\n\n\n\n<p>En la capital, Tegucigalpa, la juramentaci\u00f3n del nuevo alcalde, Juan Diego Zelaya, est\u00e1 programada para las 7:00 de la ma\u00f1ana en el Museo de Identidad Nacional. La ceremonia se realizar\u00e1 en medio de un ambiente de tensi\u00f3n pol\u00edtica, luego de que el actual edil, Jorge Aldana, reiterara que no entregar\u00e1 el cargo al considerar que no se realiz\u00f3 el conteo total de votos por parte del Tribunal de Justicia Electoral.<\/p>\n\n\n\n<p>En el sur del pa\u00eds, Choluteca celebrar\u00e1 su acto de toma de posesi\u00f3n a las 4:00 de la tarde en la Concha Ac\u00fastica. El alcalde electo Ever Aplicano asumir\u00e1 funciones tras vencer al hist\u00f3rico edil Quint\u00edn Soriano, quien permaneci\u00f3 20 a\u00f1os al frente de la municipalidad.<\/p>\n\n\n\n<p>Mientras tanto, en La Ceiba, la juramentaci\u00f3n del alcalde reelecto Bader Dip se llevar\u00e1 a cabo a la 1:00 de la tarde en el Centro Regional de Documentaci\u00f3n e Interpretaci\u00f3n Ambiental (Credia), consolidando su continuidad en la administraci\u00f3n municipal.<\/p>\n\n\n\n<p>En San Pedro Sula, el alcalde Roberto Contreras asumir\u00e1 su segundo per\u00edodo a las 3:00 de la tarde en el Gimnasio Municipal, en un evento que contar\u00e1 con la presencia de autoridades locales y representantes de distintos sectores.<\/p>\n\n\n\n<p>Por su parte, en Comayagua, el veterano edil Carlos Miranda tomar\u00e1 posesi\u00f3n por octava ocasi\u00f3n, en una ceremonia prevista para las 3:00 de la tarde en un centro de convenciones de la ciudad.<\/p>\n\n\n\n<p>En El Progreso, el alcalde reelecto Alexander L\u00f3pez Orellana continuar\u00e1 al frente de la comuna, aunque hasta el momento no se ha confirmado el lugar ni la hora exacta del acto oficial.<\/p>\n","protected":false},"excerpt":{"rendered":"<p>Este domingo 25 de enero,\u00a0Honduras\u00a0vivir\u00e1 una jornada clave de relevo institucional con la toma de posesi\u00f3n de los 298 alcaldes electos que gobernar\u00e1n los municipios del pa\u00eds durante el per\u00edodo 2026-2030. Los actos protocolarios se desarrollar\u00e1n de manera simult\u00e1nea en distintas ciudades, marcando el inicio formal del nuevo ciclo de gobiernos locales. En la capital, [&hellip;]<\/p>\n","protected":false},"author":2,"featured_media":3605,"comment_status":"closed","ping_status":"open","sticky":false,"template":"","format":"standard","meta":{"_seopress_robots_primary_cat":"","_seopress_titles_title":"","_seopress_titles_desc":"","_seopress_robots_index":"","footnotes":""},"categories":[1],"tags":[],"class_list":["post-3604","post","type-post","status-publish","format-standard","has-post-thumbnail","hentry","category-sin-categoria"],"_links":{"self":[{"href":"https:\/\/girasolmultimedios.com\/portal\/wp-json\/wp\/v2\/posts\/3604","targetHints":{"allow":["GET"]}}],"collection":[{"href":"https:\/\/girasolmultimedios.com\/portal\/wp-json\/wp\/v2\/posts"}],"about":[{"href":"https:\/\/girasolmultimedios.com\/portal\/wp-json\/wp\/v2\/types\/post"}],"author":[{"embeddable":true,"href":"https:\/\/girasolmultimedios.com\/portal\/wp-json\/wp\/v2\/users\/2"}],"replies":[{"embeddable":true,"href":"https:\/\/girasolmultimedios.com\/portal\/wp-json\/wp\/v2\/comments?post=3604"}],"version-history":[{"count":1,"href":"https:\/\/girasolmultimedios.com\/portal\/wp-json\/wp\/v2\/posts\/3604\/revisions"}],"predecessor-version":[{"id":3606,"href":"https:\/\/girasolmultimedios.com\/portal\/wp-json\/wp\/v2\/posts\/3604\/revisions\/3606"}],"wp:featuredmedia":[{"embeddable":true,"href":"https:\/\/girasolmultimedios.com\/portal\/wp-json\/wp\/v2\/media\/3605"}],"wp:attachment":[{"href":"https:\/\/girasolmultimedios.com\/portal\/wp-json\/wp\/v2\/media?parent=3604"}],"wp:term":[{"taxonomy":"category","embeddable":true,"href":"https:\/\/girasolmultimedios.com\/portal\/wp-json\/wp\/v2\/categories?post=3604"},{"taxonomy":"post_tag","embeddable":true,"href":"https:\/\/girasolmultimedios.com\/portal\/wp-json\/wp\/v2\/tags?post=3604"}],"curies":[{"name":"wp","href":"https:\/\/api.w.org\/{rel}","templated":true}]}}