{"id":3619,"date":"2026-01-23T10:08:38","date_gmt":"2026-01-23T16:08:38","guid":{"rendered":"https:\/\/girasolmultimedios.com\/portal\/?p=3619"},"modified":"2026-01-23T10:08:38","modified_gmt":"2026-01-23T16:08:38","slug":"embajador-cedric-no-dude-ni-un-segundo-en-proponerle-que-viniera-a-la-residencia-de-francia","status":"publish","type":"post","link":"https:\/\/girasolmultimedios.com\/portal\/embajador-cedric-no-dude-ni-un-segundo-en-proponerle-que-viniera-a-la-residencia-de-francia\/","title":{"rendered":"Embajador C\u00e9dric: \u201cNo dud\u00e9 ni un segundo en proponerle que viniera a la residencia de Francia\u201d"},"content":{"rendered":"\n<p>En una entrevista exclusiva a Radio Am\u00e9rica, el embajador de Francia, C\u00e9dric Prieto, dijo que \u201cNo dud\u00e9 un segundo en proponerle que viniera a la residencia de Francia\u201d, a la consejera presidenta Ana Paola Hall, cuando en las elecciones generales hubo amenazas reales de detenerla para impedir la declaratoria general de elecciones. A continuaci\u00f3n la entrevista.<\/p>\n\n\n\n<p><em><strong>RA \u2013 \u00bfQu\u00e9 papel jug\u00f3 la misi\u00f3n diplom\u00e1tica que usted representa en el \u00faltimo proceso electoral en Honduras?<\/strong><\/em><br><em><strong>EMBAJADOR \u2013<\/strong><\/em>&nbsp;Como le corresponde a una representaci\u00f3n diplom\u00e1tica accreditada en Honduras, la embajada de Francia jug\u00f3 un papel de observador independiente, atento y neutro, neg\u00e1ndose a cualquier tipo de injerencia en el proceso electoral, y abierto a contactos con todas las fuerzas pol\u00edticas presentes.<\/p>\n\n\n\n<p><strong>RA \u2013<\/strong>&nbsp;Como misi\u00f3n estuvieron atentos al desarrollo de las elecciones,<strong>&nbsp;\u00bfcu\u00e1l fue su reacci\u00f3n como embajador en el momento en que la presidenta del Consejo Nacional Electoral (CNE), Ana Paola Hall, les pidi\u00f3 apoyo con su seguridad?<\/strong><br><em><strong>EMBAJADOR \u2013<\/strong>&nbsp;<\/em>Habiendo sido testigo de las presiones y amenazas a las que hab\u00eda sido sometida la consejera a lo largo de los meses anteriores y frente a la urgencia de resguardarla, como embajador pero sobre todo como ser humano, no dud\u00e9 un segundo en proponerle que viniera a la residencia de Francia.<\/p>\n\n\n\n<p><strong>RA \u2013 \u00bfDudaron en alg\u00fan momento darle resguardo?<br><\/strong><strong>EMBAJADOR \u2013<\/strong>&nbsp;No. Quiero tambi\u00e9n hacer hincapi\u00e9 sobre el rol determinante y valioso del embajador de la Uni\u00f3n Europea, Gonzalo Fournier, que me ha acompa\u00f1ado y brindado apoyo todo el tiempo que la consejera Hall estuvo en mi residencia.<\/p>\n\n\n\n<p><em><strong>RA \u2013 \u00bfDarle resguardo a un alto funcionario en peligro, como ella lo se\u00f1al\u00f3, es parte de sus principios como misi\u00f3n diplom\u00e1tica?<\/strong><\/em><br><em><strong>EMBAJADOR \u2013<\/strong><\/em>&nbsp;Puede occurrir en situaciones de tensi\u00f3n. El d\u00eda en que pas\u00f3, el 11 de diciembre del 2025, consider\u00e9 que, como representante de un pa\u00eds que hist\u00f3ricamente valora la libertad, la democracia y principios humanistas, era de mi deber responder de inmediato a su pedido.<\/p>\n\n\n\n<p><em><strong>RA \u2013 \u00bfRecibieron en alg\u00fan momento comunicaci\u00f3n oficial del Estado de Honduras preguntando por el paradero de la presidenta Hall?<\/strong><\/em><br><em><strong>EMBAJADOR \u2013<\/strong><\/em>&nbsp;No, nunca he recibido ninguna comunicaci\u00f3n o solicitud oficial. Cabe destacar que durante la estad\u00eda de la consejera en la residencia de Francia, no hubo requerimiento fiscal de parte del Ministerio P\u00fablico en contra de ella.<\/p>\n\n\n\n<p><strong>RA \u2013 \u00bfCu\u00e1nto tiempo estuvo resguardada la consejera Hall en la sede de Francia?<\/strong><br><strong>EMBAJADOR \u2013<\/strong>&nbsp;Un mes y tres d\u00edas.<\/p>\n\n\n\n<p><em><strong>RA \u2013 \u00bfLa acompa\u00f1aba alguien m\u00e1s?<\/strong><\/em><br><em><strong>EMBAJADOR \u2013<\/strong><\/em>&nbsp;No<\/p>\n\n\n\n<p><em><strong>RA \u2013 \u00bfC\u00f3mo se sienten en la misi\u00f3n al haber apoyado con el resguardo a la consejera Hall para que pudieran avanzar con el proceso democr\u00e1tico?<\/strong><\/em><br><em><strong>EMBAJADOR \u2013<\/strong><\/em>&nbsp;Nos sentimos colectivamente aliviados y felices que el proceso electoral haya podido ir hasta su t\u00e9rmino, y por haber ofrecido a la consejera Hall condiciones de paz, seguridad y tranquilidad para que pudiera cumplir con su tarea, supervisando los trabajos del CNE en forma virtual, junto con los otros dos consejeros, en particular las declaratorias del 24 y del 30 de diciembre.<\/p>\n\n\n\n<p><em><strong>RA:<\/strong><\/em>&nbsp;Con la llegada de un nuevo Gobierno,&nbsp;<em><strong>\u00bfqu\u00e9 proyectos bilaterales impulsar\u00e1n?<\/strong><strong>EMBAJADOR:<\/strong>&nbsp;<\/em>Cabe destacar que el \u00ab Equipo Francia \u00bb en Honduras, aparte de la Embajada, cuenta con el Liceo Franco-Hondure\u00f1o de Tegucigalpa y las Alianzas Francesas de Tegucigalpa y San Pedro Sula. Estamos listos para seguir proyectos por los cuales logramos buenos avances con el gobierno saliente, como la ense\u00f1anza del idioma franc\u00e9s en el sistema p\u00fablico educativo, la capacitaci\u00f3n t\u00e9cnica en el sector hoteler\u00eda, turismo y gastronom\u00eda, la protecci\u00f3n de los oc\u00e9anos, o la promoci\u00f3n de los derechos humanos y en particular los derechos de la mujer.<\/p>\n\n\n\n<p>Estamos listos tambi\u00e9n para retomar proyectos que no pudieron avanzar estos \u00faltimos a\u00f1os como, en Tegucigalpa, el transporte p\u00fablico por cable y la planta de saneamiento de las aguas del r\u00edo Choluteca tanto como la inversi\u00f3n en dos unidades de tratamiento para enfermedades renales y trasplantes (quir\u00f3fanos) en el Hospital Escuela de Tegucigalpa y el Hospital Mario Catarino Rivas en San Pedro Sula.<\/p>\n\n\n\n<p>Nos interesa tambi\u00e9n trabajar con el nuevo gobierno en la promoci\u00f3n de un turismo sostenible y verde en Honduras, y en la mejor\u00eda de las infraestructuras, en particular portuarias, y de los procesos aduaneros para facilitar al sector productivo que exporta a Francia y la Uni\u00f3n Europea.<\/p>\n\n\n\n<p>En materia de seguridad en fin, estamos listos para seguir con el programa de entrega a Honduras de helic\u00f3pteros H145 de Airbus, para la lucha contra los incendios y el rescate de personas afectadas por los eventos clim\u00e1ticos extremos, y para fortalecer la cooperaci\u00f3n entre las Fuerzas Armadas hondure\u00f1as y las Fuerzas Armadas francesas de las Antillas en la lucha contra el narcotr\u00e1fico.<\/p>\n","protected":false},"excerpt":{"rendered":"<p>En una entrevista exclusiva a Radio Am\u00e9rica, el embajador de Francia, C\u00e9dric Prieto, dijo que \u201cNo dud\u00e9 un segundo en proponerle que viniera a la residencia de Francia\u201d, a la consejera presidenta Ana Paola Hall, cuando en las elecciones generales hubo amenazas reales de detenerla para impedir la declaratoria general de elecciones. A continuaci\u00f3n la [&hellip;]<\/p>\n","protected":false},"author":2,"featured_media":3620,"comment_status":"closed","ping_status":"open","sticky":false,"template":"","format":"standard","meta":{"_seopress_robots_primary_cat":"","_seopress_titles_title":"","_seopress_titles_desc":"","_seopress_robots_index":"","footnotes":""},"categories":[1],"tags":[],"class_list":["post-3619","post","type-post","status-publish","format-standard","has-post-thumbnail","hentry","category-sin-categoria"],"_links":{"self":[{"href":"https:\/\/girasolmultimedios.com\/portal\/wp-json\/wp\/v2\/posts\/3619","targetHints":{"allow":["GET"]}}],"collection":[{"href":"https:\/\/girasolmultimedios.com\/portal\/wp-json\/wp\/v2\/posts"}],"about":[{"href":"https:\/\/girasolmultimedios.com\/portal\/wp-json\/wp\/v2\/types\/post"}],"author":[{"embeddable":true,"href":"https:\/\/girasolmultimedios.com\/portal\/wp-json\/wp\/v2\/users\/2"}],"replies":[{"embeddable":true,"href":"https:\/\/girasolmultimedios.com\/portal\/wp-json\/wp\/v2\/comments?post=3619"}],"version-history":[{"count":1,"href":"https:\/\/girasolmultimedios.com\/portal\/wp-json\/wp\/v2\/posts\/3619\/revisions"}],"predecessor-version":[{"id":3621,"href":"https:\/\/girasolmultimedios.com\/portal\/wp-json\/wp\/v2\/posts\/3619\/revisions\/3621"}],"wp:featuredmedia":[{"embeddable":true,"href":"https:\/\/girasolmultimedios.com\/portal\/wp-json\/wp\/v2\/media\/3620"}],"wp:attachment":[{"href":"https:\/\/girasolmultimedios.com\/portal\/wp-json\/wp\/v2\/media?parent=3619"}],"wp:term":[{"taxonomy":"category","embeddable":true,"href":"https:\/\/girasolmultimedios.com\/portal\/wp-json\/wp\/v2\/categories?post=3619"},{"taxonomy":"post_tag","embeddable":true,"href":"https:\/\/girasolmultimedios.com\/portal\/wp-json\/wp\/v2\/tags?post=3619"}],"curies":[{"name":"wp","href":"https:\/\/api.w.org\/{rel}","templated":true}]}}