{"id":3622,"date":"2026-01-23T10:13:06","date_gmt":"2026-01-23T16:13:06","guid":{"rendered":"https:\/\/girasolmultimedios.com\/portal\/?p=3622"},"modified":"2026-01-23T10:13:06","modified_gmt":"2026-01-23T16:13:06","slug":"listos-fondos-para-productores-rurales","status":"publish","type":"post","link":"https:\/\/girasolmultimedios.com\/portal\/listos-fondos-para-productores-rurales\/","title":{"rendered":"Listos fondos para productores rurales"},"content":{"rendered":"\n<p>Tegucigalpa. El proyecto Innovaci\u00f3n para la Competitividad Rural III (ComRural III), ejecutado por la Secretar\u00eda de Agricultura y Ganader\u00eda (SAG), hizo el lanzamiento de las convocatorias para las Ventanas 2 y 3, orientadas a organizaciones de productores rurales y empresas ancla dedicadas al desarrollo del agro.<\/p>\n\n\n\n<p>Los fondos disponibles en ambas ventanas est\u00e1n orientados a fortalecer la competitividad y el crecimiento productivo de los productores vinculados a diversas cadenas de valor, entre ellas: granos b\u00e1sicos como ma\u00edz, frijol, arroz, sorgo y ajonjol\u00ed; hortalizas, cacao fino y caf\u00e9s especiales.<\/p>\n\n\n\n<p>Asimismo, sal, ganader\u00eda (leche y carne), apicultura, acuicultura, frutales, especies menores (av\u00edcola, caprina, ovina y porcina), especies arom\u00e1ticas (pimienta, cardamomo, canela y vainilla), productos culturales, turismo rural y productos agroindustriales no alimentarios.<\/p>\n\n\n\n<p>La Ventana 2 est\u00e1 dirigida a organizaciones de productores rurales interesadas en fortalecer sus capacidades t\u00e9cnicas, productivas y organizativas, as\u00ed como en mejorar su acceso a mercados, facilitando su transici\u00f3n hacia una agricultura m\u00e1s comercial y sostenible.<\/p>\n\n\n\n<h3 class=\"wp-block-heading\">MODELOS INCLUSIVOS<\/h3>\n\n\n\n<p>Por su parte, la Ventana 3 est\u00e1 orientada a establecer o consolidar alianzas productivas entre las empresas ancla con las organizaciones de productores, promoviendo modelos de negocio inclusivos, sostenibles y con impacto social positivo.<\/p>\n\n\n\n<p>Adem\u00e1s, es importante que tanto las organizaciones de productores rurales, como las empresas ancla est\u00e9n ubicadas en los departamentos de Atl\u00e1ntida, Choluteca, Col\u00f3n, Comayagua, Cop\u00e1n, Cort\u00e9s, El Para\u00edso, Francisco Moraz\u00e1n, Intibuc\u00e1, La Paz, Lempira, Ocotepeque, Olancho, Santa B\u00e1rbara, Valle, Yoro.<\/p>\n\n\n\n<p>Las postulaciones a las Ventanas 2 y 3 deber\u00e1n realizarse de acuerdo con los lineamientos establecidos, los cuales est\u00e1n disponibles para descarga en el sitio web oficial www.comrural.hn.<\/p>\n\n\n\n<p>Las propuestas correspondientes deber\u00e1n enviarse al correo electr\u00f3nico&nbsp;comrural@comrural.sag.gob.hn, conforme a los requisitos definidos para cada ventana. Las convocatorias estar\u00e1n abiertas desde el lunes 12 de enero al 10 de febrero.<\/p>\n\n\n\n<p><\/p>\n\n\n\n<p><\/p>\n","protected":false},"excerpt":{"rendered":"<p>Tegucigalpa. El proyecto Innovaci\u00f3n para la Competitividad Rural III (ComRural III), ejecutado por la Secretar\u00eda de Agricultura y Ganader\u00eda (SAG), hizo el lanzamiento de las convocatorias para las Ventanas 2 y 3, orientadas a organizaciones de productores rurales y empresas ancla dedicadas al desarrollo del agro. Los fondos disponibles en ambas ventanas est\u00e1n orientados a [&hellip;]<\/p>\n","protected":false},"author":2,"featured_media":3623,"comment_status":"closed","ping_status":"open","sticky":false,"template":"","format":"standard","meta":{"_seopress_robots_primary_cat":"","_seopress_titles_title":"","_seopress_titles_desc":"","_seopress_robots_index":"","footnotes":""},"categories":[1],"tags":[],"class_list":["post-3622","post","type-post","status-publish","format-standard","has-post-thumbnail","hentry","category-sin-categoria"],"_links":{"self":[{"href":"https:\/\/girasolmultimedios.com\/portal\/wp-json\/wp\/v2\/posts\/3622","targetHints":{"allow":["GET"]}}],"collection":[{"href":"https:\/\/girasolmultimedios.com\/portal\/wp-json\/wp\/v2\/posts"}],"about":[{"href":"https:\/\/girasolmultimedios.com\/portal\/wp-json\/wp\/v2\/types\/post"}],"author":[{"embeddable":true,"href":"https:\/\/girasolmultimedios.com\/portal\/wp-json\/wp\/v2\/users\/2"}],"replies":[{"embeddable":true,"href":"https:\/\/girasolmultimedios.com\/portal\/wp-json\/wp\/v2\/comments?post=3622"}],"version-history":[{"count":1,"href":"https:\/\/girasolmultimedios.com\/portal\/wp-json\/wp\/v2\/posts\/3622\/revisions"}],"predecessor-version":[{"id":3624,"href":"https:\/\/girasolmultimedios.com\/portal\/wp-json\/wp\/v2\/posts\/3622\/revisions\/3624"}],"wp:featuredmedia":[{"embeddable":true,"href":"https:\/\/girasolmultimedios.com\/portal\/wp-json\/wp\/v2\/media\/3623"}],"wp:attachment":[{"href":"https:\/\/girasolmultimedios.com\/portal\/wp-json\/wp\/v2\/media?parent=3622"}],"wp:term":[{"taxonomy":"category","embeddable":true,"href":"https:\/\/girasolmultimedios.com\/portal\/wp-json\/wp\/v2\/categories?post=3622"},{"taxonomy":"post_tag","embeddable":true,"href":"https:\/\/girasolmultimedios.com\/portal\/wp-json\/wp\/v2\/tags?post=3622"}],"curies":[{"name":"wp","href":"https:\/\/api.w.org\/{rel}","templated":true}]}}