{"id":3628,"date":"2026-01-25T12:06:43","date_gmt":"2026-01-25T18:06:43","guid":{"rendered":"https:\/\/girasolmultimedios.com\/portal\/?p=3628"},"modified":"2026-01-25T12:06:43","modified_gmt":"2026-01-25T18:06:43","slug":"al-menos-80-nuevas-excarcelaciones-de-presos-politicos-en-venezuela-informa-una-ong","status":"publish","type":"post","link":"https:\/\/girasolmultimedios.com\/portal\/al-menos-80-nuevas-excarcelaciones-de-presos-politicos-en-venezuela-informa-una-ong\/","title":{"rendered":"Al menos 80 nuevas excarcelaciones de presos pol\u00edticos en Venezuela, informa una ONG"},"content":{"rendered":"\n<p>&nbsp;La ONG venezolana Foro Penal, que lidera la defensa de presos pol\u00edticos, inform\u00f3 este domingo sobre al menos 80 nuevas excarcelaciones ocurridas en las \u00faltimas horas en el pa\u00eds, como parte del proceso de liberaciones anunciado por el Gobierno de la presidenta encargada, Delcy Rodr\u00edguez, el pasado 8 de enero.<\/p>\n\n\n\n<p>\u00abAl menos 80 presos pol\u00edticos que estamos verificando han sido excarcelados el d\u00eda de hoy en todo el pa\u00eds. Probablemente se producen m\u00e1s excarcelaciones\u00bb, public\u00f3 en X el director presidente de Foro Penal, Alfredo Romero.<\/p>\n\n\n\n<figure class=\"wp-block-embed is-type-rich is-provider-twitter wp-block-embed-twitter\"><div class=\"wp-block-embed__wrapper\">\n<blockquote class=\"twitter-tweet\" data-width=\"550\" data-dnt=\"true\"><p lang=\"es\" dir=\"ltr\">Al menos 80 presos pol\u00edticos que estamos verificando han sido excarcelados el d\u00eda de hoy en todo el pa\u00eds. Probablemente se producen m\u00e1s excarcelaciones.<\/p>&mdash; Alfredo Romero (@alfredoromero) <a href=\"https:\/\/twitter.com\/alfredoromero\/status\/2015452350526128307?ref_src=twsrc%5Etfw\">January 25, 2026<\/a><\/blockquote><script async src=\"https:\/\/platform.twitter.com\/widgets.js\" charset=\"utf-8\"><\/script>\n<\/div><\/figure>\n\n\n\n<p>Consultado por EFE, el director vicepresidente de Foro Penal, Gonzalo Himiob, indic\u00f3 que desde la madrugada de este domingo \u00abse est\u00e1 dando un n\u00famero importante de\u00a0excarcelaciones\u00ab.<\/p>\n\n\n\n<p>\u00abLlevamos verificadas m\u00e1s de 80 a esta hora, pero pueden ser m\u00e1s\u00bb, a\u00f1adi\u00f3.<\/p>\n\n\n\n<p>En una publicaci\u00f3n en X, Himiob report\u00f3 \u00abcon gran alegr\u00eda\u00bb la excarcelaci\u00f3n del abogado voluntario de Foro Penal Kenny Tejeda Jim\u00e9nez, quien, asegur\u00f3, \u00abestuvo arbitrariamente detenido\u00bb desde el 2 de agosto de 2024.<\/p>\n\n\n\n<figure class=\"wp-block-embed is-type-rich is-provider-twitter wp-block-embed-twitter\"><div class=\"wp-block-embed__wrapper\">\n<blockquote class=\"twitter-tweet\" data-width=\"550\" data-dnt=\"true\"><p lang=\"es\" dir=\"ltr\"><a href=\"https:\/\/twitter.com\/hashtag\/25Ene?src=hash&amp;ref_src=twsrc%5Etfw\">#25Ene<\/a> Con gran alegr\u00eda podemos confirmar la excarcelaci\u00f3n de nuestro abogado voluntario del <a href=\"https:\/\/twitter.com\/ForoPenal?ref_src=twsrc%5Etfw\">@ForoPenal<\/a> KENNEDY TEJEDA JIM\u00c9NEZ, que estuvo arbitrariamente detenido desde el 2\/8\/2024 <a href=\"https:\/\/t.co\/ECqPJXH7jq\">pic.twitter.com\/ECqPJXH7jq<\/a><\/p>&mdash; Gonzalo Himiob S. (@HimiobSantome) <a href=\"https:\/\/twitter.com\/HimiobSantome\/status\/2015456926788673924?ref_src=twsrc%5Etfw\">January 25, 2026<\/a><\/blockquote><script async src=\"https:\/\/platform.twitter.com\/widgets.js\" charset=\"utf-8\"><\/script>\n<\/div><\/figure>\n\n\n\n<h2 class=\"wp-block-heading\" id=\"h-datos-sobre-excarcelaciones-recientes\">Datos sobre excarcelaciones recientes<\/h2>\n\n\n\n<p>La ONG inform\u00f3 en su sitio web que a Tejeda se le detuvo mientras \u00abasist\u00eda legalmente\u00bb a ciudadanos en un comando de la Guardia Nacional Bolivariana (GNB) en el estado Carabobo (norte), en medio de la crisis posterior a las presidenciales de julio de 2024, en las que la oposici\u00f3n liderada por Mar\u00eda Corina Machado y Edmundo Gonz\u00e1lez Urrutia denunci\u00f3 fraude en el resultado que dio la reelecci\u00f3n a Nicol\u00e1s Maduro.<\/p>\n\n\n\n<p>Al abogado se le imput\u00f3 por los cargos de \u00abterrorismo\u00bb y \u00abdiscurso de odio\u00bb, seg\u00fan Foro Penal, y se encontraba encarcelado en la\u00a0c\u00e1rcel conocida como Tocor\u00f3n, en el estado Aragua (norte).<\/p>\n\n\n\n<p>Este domingo, el Sindicato Nacional de Trabajadores de la Prensa inform\u00f3 sobre la excarcelaci\u00f3n del estudiante de periodismo Juan Francisco Alvarado, a quien se sentenci\u00f3 a 15 a\u00f1os de prisi\u00f3n, pero cuya condena se anul\u00f3 esta semana por una corte de apelaciones.<\/p>\n\n\n\n<p>Estas excarcelaciones ocurren en medio de un proceso anunciado el pasado 8 de enero por el presidente del Parlamento, el chavista Jorge Rodr\u00edguez, quien inform\u00f3 sobre un \u00abn\u00famero importante\u00bb de excarcelaciones en el pa\u00eds, sin precisar identidades, cantidad ni condiciones de estas medidas.<\/p>\n\n\n\n<p>La mandataria encargada afirm\u00f3 este viernes que se ha liberado a 626 personas en el pa\u00eds.<\/p>\n\n\n\n<p>La ONG Foro Penal hab\u00eda verificado 156 excarcelaciones hasta el viernes, mientras la Plataforma Unitaria Democr\u00e1tica (PUD), que agrupa a la oposici\u00f3n mayoritaria, dijo el s\u00e1bado que hasta ese d\u00eda hab\u00eda confirmado 173. EFE<\/p>\n","protected":false},"excerpt":{"rendered":"<p>&nbsp;La ONG venezolana Foro Penal, que lidera la defensa de presos pol\u00edticos, inform\u00f3 este domingo sobre al menos 80 nuevas excarcelaciones ocurridas en las \u00faltimas horas en el pa\u00eds, como parte del proceso de liberaciones anunciado por el Gobierno de la presidenta encargada, Delcy Rodr\u00edguez, el pasado 8 de enero. \u00abAl menos 80 presos pol\u00edticos [&hellip;]<\/p>\n","protected":false},"author":2,"featured_media":3629,"comment_status":"closed","ping_status":"open","sticky":false,"template":"","format":"standard","meta":{"_seopress_robots_primary_cat":"","_seopress_titles_title":"","_seopress_titles_desc":"","_seopress_robots_index":"","footnotes":""},"categories":[1],"tags":[],"class_list":["post-3628","post","type-post","status-publish","format-standard","has-post-thumbnail","hentry","category-sin-categoria"],"_links":{"self":[{"href":"https:\/\/girasolmultimedios.com\/portal\/wp-json\/wp\/v2\/posts\/3628","targetHints":{"allow":["GET"]}}],"collection":[{"href":"https:\/\/girasolmultimedios.com\/portal\/wp-json\/wp\/v2\/posts"}],"about":[{"href":"https:\/\/girasolmultimedios.com\/portal\/wp-json\/wp\/v2\/types\/post"}],"author":[{"embeddable":true,"href":"https:\/\/girasolmultimedios.com\/portal\/wp-json\/wp\/v2\/users\/2"}],"replies":[{"embeddable":true,"href":"https:\/\/girasolmultimedios.com\/portal\/wp-json\/wp\/v2\/comments?post=3628"}],"version-history":[{"count":1,"href":"https:\/\/girasolmultimedios.com\/portal\/wp-json\/wp\/v2\/posts\/3628\/revisions"}],"predecessor-version":[{"id":3630,"href":"https:\/\/girasolmultimedios.com\/portal\/wp-json\/wp\/v2\/posts\/3628\/revisions\/3630"}],"wp:featuredmedia":[{"embeddable":true,"href":"https:\/\/girasolmultimedios.com\/portal\/wp-json\/wp\/v2\/media\/3629"}],"wp:attachment":[{"href":"https:\/\/girasolmultimedios.com\/portal\/wp-json\/wp\/v2\/media?parent=3628"}],"wp:term":[{"taxonomy":"category","embeddable":true,"href":"https:\/\/girasolmultimedios.com\/portal\/wp-json\/wp\/v2\/categories?post=3628"},{"taxonomy":"post_tag","embeddable":true,"href":"https:\/\/girasolmultimedios.com\/portal\/wp-json\/wp\/v2\/tags?post=3628"}],"curies":[{"name":"wp","href":"https:\/\/api.w.org\/{rel}","templated":true}]}}