{"id":3634,"date":"2026-01-25T12:24:35","date_gmt":"2026-01-25T18:24:35","guid":{"rendered":"https:\/\/girasolmultimedios.com\/portal\/?p=3634"},"modified":"2026-01-25T12:26:10","modified_gmt":"2026-01-25T18:26:10","slug":"se-instala-primera-legislatura-del-congreso-nacional-2026-2030","status":"publish","type":"post","link":"https:\/\/girasolmultimedios.com\/portal\/se-instala-primera-legislatura-del-congreso-nacional-2026-2030\/","title":{"rendered":"Se instala primera legislatura del Congreso Nacional 2026-2030"},"content":{"rendered":"\n<p>El Congreso Nacional de Honduras instal\u00f3 este domingo la primera legislatura del periodo 2026-2030, con la presencia del pleno electo en las elecciones generales del 30 de noviembre de 2025.<\/p>\n\n\n\n<p>La sesi\u00f3n inaugural comenz\u00f3 puntualmente a las 11:00 de la ma\u00f1ana, en cumplimiento de la convocatoria emitida el 23 de enero, fecha en la que se escogi\u00f3 a la junta directiva en propiedad. En el arranque, la junta directiva dirigi\u00f3 un mensaje a las mujeres hondure\u00f1as en conmemoraci\u00f3n del D\u00eda de la Mujer Hondure\u00f1a, marcando el tono protocolario de la jornada.<\/p>\n\n\n\n<p>El acto continu\u00f3 con una invocaci\u00f3n religiosa a cargo del padre Juan Carlos Mart\u00ednez, p\u00e1rroco de la Catedral Metropolitana San Miguel Arc\u00e1ngel, seguida por la oraci\u00f3n del pastor Gerardo Ir\u00edas, presidente de la Confraternidad Evang\u00e9lica de Honduras. Tras encomendar la legislatura a Dios, el pleno enton\u00f3 el Himno Nacional de Honduras.<\/p>\n\n\n\n<p>Posteriormente, el secretario de la junta directiva procedi\u00f3 a la lectura del acta de la sesi\u00f3n anterior en la que se formaliz\u00f3 la elecci\u00f3n de la junta directiva en propiedad, documento que fue sometido a consideraci\u00f3n y votaci\u00f3n del pleno.<\/p>\n\n\n\n<figure class=\"wp-block-embed is-type-rich is-provider-twitter wp-block-embed-twitter\"><div class=\"wp-block-embed__wrapper\">\n<blockquote class=\"twitter-tweet\" data-width=\"550\" data-dnt=\"true\"><p lang=\"ca\" dir=\"ltr\">Congreso Nacional instala I Legislatura 2026-2030 <a href=\"https:\/\/t.co\/lSj1kt6zrL\">https:\/\/t.co\/lSj1kt6zrL<\/a><\/p>&mdash; Congreso Nacional de Honduras (@Congreso_HND) <a href=\"https:\/\/twitter.com\/Congreso_HND\/status\/2015466052281589949?ref_src=twsrc%5Etfw\">January 25, 2026<\/a><\/blockquote><script async src=\"https:\/\/platform.twitter.com\/widgets.js\" charset=\"utf-8\"><\/script>\n<\/div><\/figure>\n","protected":false},"excerpt":{"rendered":"<p>El Congreso Nacional de Honduras instal\u00f3 este domingo la primera legislatura del periodo 2026-2030, con la presencia del pleno electo en las elecciones generales del 30 de noviembre de 2025. La sesi\u00f3n inaugural comenz\u00f3 puntualmente a las 11:00 de la ma\u00f1ana, en cumplimiento de la convocatoria emitida el 23 de enero, fecha en la que [&hellip;]<\/p>\n","protected":false},"author":2,"featured_media":3635,"comment_status":"closed","ping_status":"open","sticky":false,"template":"","format":"standard","meta":{"_seopress_robots_primary_cat":"","_seopress_titles_title":"","_seopress_titles_desc":"","_seopress_robots_index":"","footnotes":""},"categories":[23],"tags":[],"class_list":["post-3634","post","type-post","status-publish","format-standard","has-post-thumbnail","hentry","category-nacionales"],"_links":{"self":[{"href":"https:\/\/girasolmultimedios.com\/portal\/wp-json\/wp\/v2\/posts\/3634","targetHints":{"allow":["GET"]}}],"collection":[{"href":"https:\/\/girasolmultimedios.com\/portal\/wp-json\/wp\/v2\/posts"}],"about":[{"href":"https:\/\/girasolmultimedios.com\/portal\/wp-json\/wp\/v2\/types\/post"}],"author":[{"embeddable":true,"href":"https:\/\/girasolmultimedios.com\/portal\/wp-json\/wp\/v2\/users\/2"}],"replies":[{"embeddable":true,"href":"https:\/\/girasolmultimedios.com\/portal\/wp-json\/wp\/v2\/comments?post=3634"}],"version-history":[{"count":2,"href":"https:\/\/girasolmultimedios.com\/portal\/wp-json\/wp\/v2\/posts\/3634\/revisions"}],"predecessor-version":[{"id":3637,"href":"https:\/\/girasolmultimedios.com\/portal\/wp-json\/wp\/v2\/posts\/3634\/revisions\/3637"}],"wp:featuredmedia":[{"embeddable":true,"href":"https:\/\/girasolmultimedios.com\/portal\/wp-json\/wp\/v2\/media\/3635"}],"wp:attachment":[{"href":"https:\/\/girasolmultimedios.com\/portal\/wp-json\/wp\/v2\/media?parent=3634"}],"wp:term":[{"taxonomy":"category","embeddable":true,"href":"https:\/\/girasolmultimedios.com\/portal\/wp-json\/wp\/v2\/categories?post=3634"},{"taxonomy":"post_tag","embeddable":true,"href":"https:\/\/girasolmultimedios.com\/portal\/wp-json\/wp\/v2\/tags?post=3634"}],"curies":[{"name":"wp","href":"https:\/\/api.w.org\/{rel}","templated":true}]}}