{"id":3641,"date":"2026-01-25T12:56:11","date_gmt":"2026-01-25T18:56:11","guid":{"rendered":"https:\/\/girasolmultimedios.com\/portal\/?p=3641"},"modified":"2026-01-25T12:56:12","modified_gmt":"2026-01-25T18:56:12","slug":"que-se-sabe-del-hombre-abatido-por-el-ice-en-mineapolis-trabajaba-de-enfermero-en-una-uci","status":"publish","type":"post","link":"https:\/\/girasolmultimedios.com\/portal\/que-se-sabe-del-hombre-abatido-por-el-ice-en-mineapolis-trabajaba-de-enfermero-en-una-uci\/","title":{"rendered":"Qu\u00e9 se sabe del hombre abatido por el ICE en Mine\u00e1polis: trabajaba de enfermero en una UCI"},"content":{"rendered":"\n<p>&nbsp;El hombre que muri\u00f3 este s\u00e1bado en Mine\u00e1polis a causa de los disparos de agentes federales ha sido identificado como Alex Jeffrey Pretti, un enfermero de 37 a\u00f1os que trabajaba en la unidad de cuidados intensivos (UCI) de un hospital de veteranos de esta ciudad del estado de Minesota, seg\u00fan han contado familiares y conocidos a medios locales.<\/p>\n\n\n\n<p>Pretti, nacido en el estado de Illinois, estudi\u00f3 enfermer\u00eda en la Universidad de Minnesota y logr\u00f3 su t\u00edtulo para practicar enfermer\u00eda en 2021.<\/p>\n\n\n\n<p>La familia de Pretti ha confirmado a medios que el hombre hab\u00eda participado en protestas que tuvieron lugar en Mine\u00e1polis despu\u00e9s de que agentes de inmigraci\u00f3n mataran a otra mujer en esta ciudad hace menos de tres semanas en el marco de las redadas masivas contra migrantes ordenadas por el Gobierno del presidente estadounidense, Donald Trump.<\/p>\n\n\n\n<p>La Organizaci\u00f3n de Enfermeros Titulados de Minesota confirm\u00f3 a su vez la muerte de Pretti publicando un comunicado en el que lament\u00f3 la tragedia y afirm\u00f3 que la comunidad de enfermeros en el estado est\u00e1 de luto por el suceso.<\/p>\n\n\n\n<p>Im\u00e1genes publicadas en internet muestran a m\u00e1s de media docena de\u00a0agentes de inmigraci\u00f3n\u00a0forcejeando con el hombre antes de dispararle a bocajarro.<\/p>\n\n\n\n<p>El Departamento de Seguridad Nacional, que dirige los servicios de inmigraci\u00f3n, ha asegurado que el hombre portaba un arma semiautom\u00e1tica y dos cargadores llenos y que sus agentes actuaron en defensa propia.<\/p>\n\n\n\n<h2 class=\"wp-block-heading\" id=\"h-el-despliegue-de-la-guardia-nacional\">El despliegue de la Guardia Nacional<\/h2>\n\n\n\n<p>El Gobernador de Minesota, el dem\u00f3crata Mike Walz, ha ordenado desplegar la Guardia Nacional estatal para garantizar la seguridad en la ciudad, donde parte de la ciudadan\u00eda ha protestado contra las redadas a gran escala.<\/p>\n\n\n\n<p>El suceso de hoy es el segundo de este tipo en algo m\u00e1s de dos semanas en Mine\u00e1polis, donde el pasado 7 de enero agentes del Servicio de Inmigraci\u00f3n y Control de Aduanas (ICE)\u00a0mataron a tiros a una mujer de 37 a\u00f1os, Renee Good, en su auto en el transcurso de un operativo.<\/p>\n\n\n\n<p>Las redadas a gran escala en Mine\u00e1polis -que ha visto la llegada de un n\u00famero de agentes federales cinco veces superior a toda la fuerza policial de la ciudad- las orden\u00f3 el Gobierno Trump a principios de enero, cuando el documental de un \u2018youtuber\u2019 conservador puso de nuevo en el foco los casos de fondos federales malversados por guarder\u00edas gestionadas por miembros de la comunidad somal\u00ed.<\/p>\n","protected":false},"excerpt":{"rendered":"<p>&nbsp;El hombre que muri\u00f3 este s\u00e1bado en Mine\u00e1polis a causa de los disparos de agentes federales ha sido identificado como Alex Jeffrey Pretti, un enfermero de 37 a\u00f1os que trabajaba en la unidad de cuidados intensivos (UCI) de un hospital de veteranos de esta ciudad del estado de Minesota, seg\u00fan han contado familiares y conocidos [&hellip;]<\/p>\n","protected":false},"author":2,"featured_media":3642,"comment_status":"closed","ping_status":"open","sticky":false,"template":"","format":"standard","meta":{"_seopress_robots_primary_cat":"","_seopress_titles_title":"","_seopress_titles_desc":"","_seopress_robots_index":"","footnotes":""},"categories":[45],"tags":[],"class_list":["post-3641","post","type-post","status-publish","format-standard","has-post-thumbnail","hentry","category-internacionales"],"_links":{"self":[{"href":"https:\/\/girasolmultimedios.com\/portal\/wp-json\/wp\/v2\/posts\/3641","targetHints":{"allow":["GET"]}}],"collection":[{"href":"https:\/\/girasolmultimedios.com\/portal\/wp-json\/wp\/v2\/posts"}],"about":[{"href":"https:\/\/girasolmultimedios.com\/portal\/wp-json\/wp\/v2\/types\/post"}],"author":[{"embeddable":true,"href":"https:\/\/girasolmultimedios.com\/portal\/wp-json\/wp\/v2\/users\/2"}],"replies":[{"embeddable":true,"href":"https:\/\/girasolmultimedios.com\/portal\/wp-json\/wp\/v2\/comments?post=3641"}],"version-history":[{"count":1,"href":"https:\/\/girasolmultimedios.com\/portal\/wp-json\/wp\/v2\/posts\/3641\/revisions"}],"predecessor-version":[{"id":3643,"href":"https:\/\/girasolmultimedios.com\/portal\/wp-json\/wp\/v2\/posts\/3641\/revisions\/3643"}],"wp:featuredmedia":[{"embeddable":true,"href":"https:\/\/girasolmultimedios.com\/portal\/wp-json\/wp\/v2\/media\/3642"}],"wp:attachment":[{"href":"https:\/\/girasolmultimedios.com\/portal\/wp-json\/wp\/v2\/media?parent=3641"}],"wp:term":[{"taxonomy":"category","embeddable":true,"href":"https:\/\/girasolmultimedios.com\/portal\/wp-json\/wp\/v2\/categories?post=3641"},{"taxonomy":"post_tag","embeddable":true,"href":"https:\/\/girasolmultimedios.com\/portal\/wp-json\/wp\/v2\/tags?post=3641"}],"curies":[{"name":"wp","href":"https:\/\/api.w.org\/{rel}","templated":true}]}}