{"id":3647,"date":"2026-01-26T10:09:19","date_gmt":"2026-01-26T16:09:19","guid":{"rendered":"https:\/\/girasolmultimedios.com\/portal\/?p=3647"},"modified":"2026-01-26T10:09:20","modified_gmt":"2026-01-26T16:09:20","slug":"asfura-recibira-cartas-credenciales-de-embajadores-de-la-ue-e-israel","status":"publish","type":"post","link":"https:\/\/girasolmultimedios.com\/portal\/asfura-recibira-cartas-credenciales-de-embajadores-de-la-ue-e-israel\/","title":{"rendered":"Asfura recibir\u00e1 cartas credenciales de embajadores de la UE e Israel"},"content":{"rendered":"\n<p>La designada presidencial, Mar\u00eda Antonieta Mej\u00eda, confirm\u00f3 que una de las primeras acciones oficiales del presidente Nasry \u201cTito\u201d Asfura, tras asumir el cargo, ser\u00e1 la recepci\u00f3n de las cartas credenciales de los embajadores de la Uni\u00f3n Europea y de\u00a0Israel.<\/p>\n\n\n\n<p>Seg\u00fan explic\u00f3, ambos diplom\u00e1ticos se encontraban en el pa\u00eds, pero sus cartas credenciales no hab\u00edan sido recibidas de manera oficial durante los \u00faltimos a\u00f1os, situaci\u00f3n que imped\u00eda formalizar plenamente su estatus diplom\u00e1tico ante el Estado de Honduras.<\/p>\n\n\n\n<p>Mej\u00eda detall\u00f3 que el acto se realizar\u00e1 una vez que Asfura sea juramentado y reciba la banda presidencial, convirti\u00e9ndose as\u00ed en su primera actividad protocolaria como jefe de Estado.<\/p>\n\n\n\n<p>\u201cAh\u00ed le vamos a recibir las cartas credenciales al embajador de Israel y de la Uni\u00f3n Europea, que son las que estaban pendientes\u201d, expres\u00f3 la designada, subrayando que esta acci\u00f3n permitir\u00e1 normalizar completamente la relaci\u00f3n diplom\u00e1tica con ambos actores internacionales.<\/p>\n\n\n\n<p>La entrega de cartas credenciales es el procedimiento formal mediante el cual un embajador es reconocido oficialmente por el pa\u00eds anfitri\u00f3n, lo que le permite ejercer plenamente sus funciones diplom\u00e1ticas.<\/p>\n\n\n\n<p>Tras el acto protocolario y la juramentaci\u00f3n de su gabinete, el nuevo mandatario iniciar\u00e1 de inmediato su agenda de trabajo.<\/p>\n","protected":false},"excerpt":{"rendered":"<p>La designada presidencial, Mar\u00eda Antonieta Mej\u00eda, confirm\u00f3 que una de las primeras acciones oficiales del presidente Nasry \u201cTito\u201d Asfura, tras asumir el cargo, ser\u00e1 la recepci\u00f3n de las cartas credenciales de los embajadores de la Uni\u00f3n Europea y de\u00a0Israel. Seg\u00fan explic\u00f3, ambos diplom\u00e1ticos se encontraban en el pa\u00eds, pero sus cartas credenciales no hab\u00edan sido [&hellip;]<\/p>\n","protected":false},"author":2,"featured_media":3648,"comment_status":"closed","ping_status":"open","sticky":false,"template":"","format":"standard","meta":{"_seopress_robots_primary_cat":"","_seopress_titles_title":"","_seopress_titles_desc":"","_seopress_robots_index":"","footnotes":""},"categories":[1],"tags":[],"class_list":["post-3647","post","type-post","status-publish","format-standard","has-post-thumbnail","hentry","category-sin-categoria"],"_links":{"self":[{"href":"https:\/\/girasolmultimedios.com\/portal\/wp-json\/wp\/v2\/posts\/3647","targetHints":{"allow":["GET"]}}],"collection":[{"href":"https:\/\/girasolmultimedios.com\/portal\/wp-json\/wp\/v2\/posts"}],"about":[{"href":"https:\/\/girasolmultimedios.com\/portal\/wp-json\/wp\/v2\/types\/post"}],"author":[{"embeddable":true,"href":"https:\/\/girasolmultimedios.com\/portal\/wp-json\/wp\/v2\/users\/2"}],"replies":[{"embeddable":true,"href":"https:\/\/girasolmultimedios.com\/portal\/wp-json\/wp\/v2\/comments?post=3647"}],"version-history":[{"count":1,"href":"https:\/\/girasolmultimedios.com\/portal\/wp-json\/wp\/v2\/posts\/3647\/revisions"}],"predecessor-version":[{"id":3649,"href":"https:\/\/girasolmultimedios.com\/portal\/wp-json\/wp\/v2\/posts\/3647\/revisions\/3649"}],"wp:featuredmedia":[{"embeddable":true,"href":"https:\/\/girasolmultimedios.com\/portal\/wp-json\/wp\/v2\/media\/3648"}],"wp:attachment":[{"href":"https:\/\/girasolmultimedios.com\/portal\/wp-json\/wp\/v2\/media?parent=3647"}],"wp:term":[{"taxonomy":"category","embeddable":true,"href":"https:\/\/girasolmultimedios.com\/portal\/wp-json\/wp\/v2\/categories?post=3647"},{"taxonomy":"post_tag","embeddable":true,"href":"https:\/\/girasolmultimedios.com\/portal\/wp-json\/wp\/v2\/tags?post=3647"}],"curies":[{"name":"wp","href":"https:\/\/api.w.org\/{rel}","templated":true}]}}