{"id":3653,"date":"2026-01-26T10:12:47","date_gmt":"2026-01-26T16:12:47","guid":{"rendered":"https:\/\/girasolmultimedios.com\/portal\/?p=3653"},"modified":"2026-01-26T10:12:47","modified_gmt":"2026-01-26T16:12:47","slug":"accidente-fatal-en-el-anillo-periferico-deja-un-peaton-muerto-y-un-motociclista-grave","status":"publish","type":"post","link":"https:\/\/girasolmultimedios.com\/portal\/accidente-fatal-en-el-anillo-periferico-deja-un-peaton-muerto-y-un-motociclista-grave\/","title":{"rendered":"Accidente fatal en el Anillo Perif\u00e9rico deja un peat\u00f3n muerto y un motociclista grave"},"content":{"rendered":"\n<p>Un tr\u00e1gico accidente de tr\u00e1nsito se registr\u00f3 en el Anillo Perif\u00e9rico, en la capital de\u00a0Honduras, a la altura de la colonia V\u00edctor F. Ard\u00f3n, donde un peat\u00f3n perdi\u00f3 la vida y un motociclista result\u00f3 gravemente herido.<\/p>\n\n\n\n<p>De acuerdo con reportes preliminares, el fallecido; quien a\u00fan no ha sido identificado, habr\u00eda intentado cruzar la v\u00eda justo en el momento en que una motocicleta transitaba por el sector, produci\u00e9ndose un fuerte impacto que le caus\u00f3 la muerte de manera inmediata.<\/p>\n\n\n\n<p>Tras el accidente, el motociclista qued\u00f3 tendido sobre la calzada con m\u00faltiples lesiones, por lo que fue atendido por personal de emergencia y trasladado a un centro asistencial. Hasta el momento se desconoce su estado de salud.<\/p>\n\n\n\n<p>Autoridades de tr\u00e1nsito y agentes policiales se hicieron presentes en la escena para acordonar el \u00e1rea, brindar asistencia al herido y realizar el levantamiento del cad\u00e1ver, adem\u00e1s de iniciar las investigaciones para determinar responsabilidades.<\/p>\n","protected":false},"excerpt":{"rendered":"<p>Un tr\u00e1gico accidente de tr\u00e1nsito se registr\u00f3 en el Anillo Perif\u00e9rico, en la capital de\u00a0Honduras, a la altura de la colonia V\u00edctor F. Ard\u00f3n, donde un peat\u00f3n perdi\u00f3 la vida y un motociclista result\u00f3 gravemente herido. De acuerdo con reportes preliminares, el fallecido; quien a\u00fan no ha sido identificado, habr\u00eda intentado cruzar la v\u00eda justo [&hellip;]<\/p>\n","protected":false},"author":2,"featured_media":3654,"comment_status":"closed","ping_status":"open","sticky":false,"template":"","format":"standard","meta":{"_seopress_robots_primary_cat":"","_seopress_titles_title":"","_seopress_titles_desc":"","_seopress_robots_index":"","footnotes":""},"categories":[1],"tags":[],"class_list":["post-3653","post","type-post","status-publish","format-standard","has-post-thumbnail","hentry","category-sin-categoria"],"_links":{"self":[{"href":"https:\/\/girasolmultimedios.com\/portal\/wp-json\/wp\/v2\/posts\/3653","targetHints":{"allow":["GET"]}}],"collection":[{"href":"https:\/\/girasolmultimedios.com\/portal\/wp-json\/wp\/v2\/posts"}],"about":[{"href":"https:\/\/girasolmultimedios.com\/portal\/wp-json\/wp\/v2\/types\/post"}],"author":[{"embeddable":true,"href":"https:\/\/girasolmultimedios.com\/portal\/wp-json\/wp\/v2\/users\/2"}],"replies":[{"embeddable":true,"href":"https:\/\/girasolmultimedios.com\/portal\/wp-json\/wp\/v2\/comments?post=3653"}],"version-history":[{"count":1,"href":"https:\/\/girasolmultimedios.com\/portal\/wp-json\/wp\/v2\/posts\/3653\/revisions"}],"predecessor-version":[{"id":3655,"href":"https:\/\/girasolmultimedios.com\/portal\/wp-json\/wp\/v2\/posts\/3653\/revisions\/3655"}],"wp:featuredmedia":[{"embeddable":true,"href":"https:\/\/girasolmultimedios.com\/portal\/wp-json\/wp\/v2\/media\/3654"}],"wp:attachment":[{"href":"https:\/\/girasolmultimedios.com\/portal\/wp-json\/wp\/v2\/media?parent=3653"}],"wp:term":[{"taxonomy":"category","embeddable":true,"href":"https:\/\/girasolmultimedios.com\/portal\/wp-json\/wp\/v2\/categories?post=3653"},{"taxonomy":"post_tag","embeddable":true,"href":"https:\/\/girasolmultimedios.com\/portal\/wp-json\/wp\/v2\/tags?post=3653"}],"curies":[{"name":"wp","href":"https:\/\/api.w.org\/{rel}","templated":true}]}}