{"id":3659,"date":"2026-01-26T10:15:08","date_gmt":"2026-01-26T16:15:08","guid":{"rendered":"https:\/\/girasolmultimedios.com\/portal\/?p=3659"},"modified":"2026-01-26T10:15:09","modified_gmt":"2026-01-26T16:15:09","slug":"crece-la-cifra-de-migrante-en-situacion-irregular-en-espana-la-mayoria-de-honduras","status":"publish","type":"post","link":"https:\/\/girasolmultimedios.com\/portal\/crece-la-cifra-de-migrante-en-situacion-irregular-en-espana-la-mayoria-de-honduras\/","title":{"rendered":"Crece la cifra de migrante en situaci\u00f3n irregular en Espa\u00f1a, la mayor\u00eda de Honduras"},"content":{"rendered":"\n<p>La cifra de migrantes que viven en Espa\u00f1a en situaci\u00f3n administrativa irregular sigue creciendo y ya se sit\u00faa en 840.000 personas, el 91 % procedentes del continente americano, especialmente de Colombia,\u00a0Per\u00fa\u00a0y Honduras, seg\u00fan el centro de an\u00e1lisis Funcas (Fundaci\u00f3n de las Cajas de Ahorros).<\/p>\n\n\n\n<p>Un 17,2 % de la poblaci\u00f3n extranjera procedente de pa\u00edses no comunitarios viven en Espa\u00f1a en situaci\u00f3n irregular, seg\u00fan la estimaci\u00f3n realizada a partir de la diferencia entre la poblaci\u00f3n que reside efectivamente en Espa\u00f1a seg\u00fan el Instituto Nacional de Estad\u00edstica (INE) y las personas extranjeras que s\u00ed tienen permiso de residencia, son beneficiarios de protecci\u00f3n internacional o est\u00e1n en tr\u00e1mites de conseguirlo.<\/p>\n\n\n\n<p>Estos datos, relativos al 1 de enero de 2025, apuntan a un crecimiento notable y sostenido del n\u00famero de extranjeros en situaci\u00f3n irregular desde 2017, cuando la cifra estimada ascend\u00eda a unos 107.000, el 4,2 % de la poblaci\u00f3n extracomunitaria residente en Espa\u00f1a.<\/p>\n\n\n\n<p>Por origen, destacan las nacionalidades del continente americano (760.000), que representan el 91 % del total de la inmigraci\u00f3n irregular, y en especial la colombiana (cerca de 290.000), la peruana (casi 110.000) y la hondure\u00f1a (90.000), mientras que las nacionalidades africanas (50.000), asi\u00e1ticas (15.000) y europeas (14.000) se encuentran a bastante distancia.<\/p>\n\n\n\n<p>Los datos son anteriores a la \u00faltima reforma del reglamento de extranjer\u00eda espa\u00f1ol, que entr\u00f3 en vigor en mayo del 2025 e introduce cambios para flexibilizar el acceso a la regularizaci\u00f3n por arraigo, por lo que \u00abtender\u00eda, en principio, a reducir la cifra de irregulares\u00bb.<\/p>\n\n\n\n<p>Sin embargo, Funcas precisa que, si mantienen las din\u00e1micas actuales, aunque se cumplieran las estimaciones del Gobierno espa\u00f1ol-que la nueva normativa permita regularizar a 900.000 personas en tres a\u00f1os- el n\u00famero de residentes en situaci\u00f3n irregular no disminuir\u00eda, sino que se estabilizar\u00eda.<\/p>\n\n\n\n<p>La directora de Estudios Sociales de Funcas, Mar\u00eda Miyar, reconoce que el nuevo reglamento \u00abcontribuir\u00e1, seguramente, a la integraci\u00f3n social de muchos inmigrantes\u00bb, pero denuncia la \u00abescasa planificaci\u00f3n de la pol\u00edtica migratoria espa\u00f1ola\u00bb.<\/p>\n\n\n\n<p>Para reducir de verdad las cifras, el informe apunta a la necesidad de medidas que mejoren el manejo de los flujos migratorios y que se enmarquen en una estrategia amplia de crecimiento econ\u00f3mico y productividad, orientando la inmigraci\u00f3n hacia sectores de la econom\u00eda con escasez de mano de obra y con requerimientos de cualificaci\u00f3n.&nbsp;<\/p>\n","protected":false},"excerpt":{"rendered":"<p>La cifra de migrantes que viven en Espa\u00f1a en situaci\u00f3n administrativa irregular sigue creciendo y ya se sit\u00faa en 840.000 personas, el 91 % procedentes del continente americano, especialmente de Colombia,\u00a0Per\u00fa\u00a0y Honduras, seg\u00fan el centro de an\u00e1lisis Funcas (Fundaci\u00f3n de las Cajas de Ahorros). Un 17,2 % de la poblaci\u00f3n extranjera procedente de pa\u00edses no [&hellip;]<\/p>\n","protected":false},"author":2,"featured_media":3660,"comment_status":"closed","ping_status":"open","sticky":false,"template":"","format":"standard","meta":{"_seopress_robots_primary_cat":"","_seopress_titles_title":"","_seopress_titles_desc":"","_seopress_robots_index":"","footnotes":""},"categories":[1],"tags":[],"class_list":["post-3659","post","type-post","status-publish","format-standard","has-post-thumbnail","hentry","category-sin-categoria"],"_links":{"self":[{"href":"https:\/\/girasolmultimedios.com\/portal\/wp-json\/wp\/v2\/posts\/3659","targetHints":{"allow":["GET"]}}],"collection":[{"href":"https:\/\/girasolmultimedios.com\/portal\/wp-json\/wp\/v2\/posts"}],"about":[{"href":"https:\/\/girasolmultimedios.com\/portal\/wp-json\/wp\/v2\/types\/post"}],"author":[{"embeddable":true,"href":"https:\/\/girasolmultimedios.com\/portal\/wp-json\/wp\/v2\/users\/2"}],"replies":[{"embeddable":true,"href":"https:\/\/girasolmultimedios.com\/portal\/wp-json\/wp\/v2\/comments?post=3659"}],"version-history":[{"count":1,"href":"https:\/\/girasolmultimedios.com\/portal\/wp-json\/wp\/v2\/posts\/3659\/revisions"}],"predecessor-version":[{"id":3661,"href":"https:\/\/girasolmultimedios.com\/portal\/wp-json\/wp\/v2\/posts\/3659\/revisions\/3661"}],"wp:featuredmedia":[{"embeddable":true,"href":"https:\/\/girasolmultimedios.com\/portal\/wp-json\/wp\/v2\/media\/3660"}],"wp:attachment":[{"href":"https:\/\/girasolmultimedios.com\/portal\/wp-json\/wp\/v2\/media?parent=3659"}],"wp:term":[{"taxonomy":"category","embeddable":true,"href":"https:\/\/girasolmultimedios.com\/portal\/wp-json\/wp\/v2\/categories?post=3659"},{"taxonomy":"post_tag","embeddable":true,"href":"https:\/\/girasolmultimedios.com\/portal\/wp-json\/wp\/v2\/tags?post=3659"}],"curies":[{"name":"wp","href":"https:\/\/api.w.org\/{rel}","templated":true}]}}