{"id":3665,"date":"2026-01-26T10:18:18","date_gmt":"2026-01-26T16:18:18","guid":{"rendered":"https:\/\/girasolmultimedios.com\/portal\/?p=3665"},"modified":"2026-01-26T10:18:19","modified_gmt":"2026-01-26T16:18:19","slug":"espana-expulsa-al-embajador-de-nicaragua-tras-injusta-expulsion-del-espanol-en-managua","status":"publish","type":"post","link":"https:\/\/girasolmultimedios.com\/portal\/espana-expulsa-al-embajador-de-nicaragua-tras-injusta-expulsion-del-espanol-en-managua\/","title":{"rendered":"Espa\u00f1a expulsa al embajador de Nicaragua tras \u00abinjusta expulsi\u00f3n\u00bb del espa\u00f1ol en Managua"},"content":{"rendered":"\n<p>El Gobierno espa\u00f1ol ha ordenado la expulsi\u00f3n del embajador de\u00a0Nicaragua\u00a0en Madrid y de otro diplom\u00e1tico de ese pa\u00eds en \u00abestricta reciprocidad\u00bb por la \u00abinjusta expulsi\u00f3n\u00bb de su embajador en Managua y de la segunda jefatura de Espa\u00f1a en el pa\u00eds centroamericano, informaron este lunes fuentes del Ministerio de Asuntos Exteriores.<\/p>\n\n\n\n<p>La orden de expulsar al actual embajador de Nicaragua en Espa\u00f1a, Maurizio Carlo Gelli, y a otro diplom\u00e1tico de la legaci\u00f3n nicarag\u00fcense fue dada ayer, domingo, aunque no ha trascendido hasta este lunes.<\/p>\n\n\n\n<p>En cuanto al embajador espa\u00f1ol en Nicaragua, Sergio Farr\u00e9 Salv\u00e1, llevaba menos de dos meses en el puesto.<\/p>\n\n\n\n<p>\u00abEl Gobierno de Espa\u00f1a seguir\u00e1 trabajando por tener las mejores relaciones con el pueblo hermano de Nicaragua\u00bb, asegur\u00f3 el Ministerio de Exteriores.<\/p>\n\n\n\n<p>Las tensiones entre ambos pa\u00edses han sido constantes en los \u00faltimos a\u00f1os y en 2021 el r\u00e9gimen de Daniel Ortega denunci\u00f3 \u00abla continua intromisi\u00f3n\u00bb de Espa\u00f1a en los asuntos internos de Nicaragua.<\/p>\n\n\n\n<p>En respuesta, el Gobierno espa\u00f1ol llam\u00f3 a consultas a su entonces embajadora en Managua, Mar\u00eda del Mar Fern\u00e1ndez-Palacios, y rechaz\u00f3 de forma \u00abtajante\u00bb las acusaciones del Gobierno nicarag\u00fcense.<\/p>\n\n\n\n<p>Posteriormente, en 2023, el Gobierno de Nicaragua expuls\u00f3 y despoj\u00f3 de su nacionalidad a centenares de diplom\u00e1ticos, ex funcionarios de Estado, defensores de derechos humanos, disidentes sandinistas, opositores, periodistas, acad\u00e9micos, estudiantes, empresarios y comerciantes, entre otros.<\/p>\n\n\n\n<p>Ante esta situaci\u00f3n, Espa\u00f1a ofreci\u00f3 la nacionalidad espa\u00f1ola a todos ellos, adem\u00e1s de a otros opositores a\u00fan encarcelados en Nicaragua.<\/p>\n\n\n\n<p>Adem\u00e1s, en marzo del a\u00f1o pasado, el Congreso espa\u00f1ol aprob\u00f3 una proposici\u00f3n no de ley, apoyada por los principales partidos del Gobierno y de la oposici\u00f3n, para condenar la \u00absistem\u00e1tica\u00bb violaci\u00f3n de derechos humanos en Nicaragua, exigir el cese inmediato de la represi\u00f3n e impulsar en la UE el aumento de sanciones contra el r\u00e9gimen nicarag\u00fcense.&nbsp;<\/p>\n","protected":false},"excerpt":{"rendered":"<p>El Gobierno espa\u00f1ol ha ordenado la expulsi\u00f3n del embajador de\u00a0Nicaragua\u00a0en Madrid y de otro diplom\u00e1tico de ese pa\u00eds en \u00abestricta reciprocidad\u00bb por la \u00abinjusta expulsi\u00f3n\u00bb de su embajador en Managua y de la segunda jefatura de Espa\u00f1a en el pa\u00eds centroamericano, informaron este lunes fuentes del Ministerio de Asuntos Exteriores. La orden de expulsar al [&hellip;]<\/p>\n","protected":false},"author":2,"featured_media":3666,"comment_status":"closed","ping_status":"open","sticky":false,"template":"","format":"standard","meta":{"_seopress_robots_primary_cat":"","_seopress_titles_title":"","_seopress_titles_desc":"","_seopress_robots_index":"","footnotes":""},"categories":[1],"tags":[],"class_list":["post-3665","post","type-post","status-publish","format-standard","has-post-thumbnail","hentry","category-sin-categoria"],"_links":{"self":[{"href":"https:\/\/girasolmultimedios.com\/portal\/wp-json\/wp\/v2\/posts\/3665","targetHints":{"allow":["GET"]}}],"collection":[{"href":"https:\/\/girasolmultimedios.com\/portal\/wp-json\/wp\/v2\/posts"}],"about":[{"href":"https:\/\/girasolmultimedios.com\/portal\/wp-json\/wp\/v2\/types\/post"}],"author":[{"embeddable":true,"href":"https:\/\/girasolmultimedios.com\/portal\/wp-json\/wp\/v2\/users\/2"}],"replies":[{"embeddable":true,"href":"https:\/\/girasolmultimedios.com\/portal\/wp-json\/wp\/v2\/comments?post=3665"}],"version-history":[{"count":1,"href":"https:\/\/girasolmultimedios.com\/portal\/wp-json\/wp\/v2\/posts\/3665\/revisions"}],"predecessor-version":[{"id":3667,"href":"https:\/\/girasolmultimedios.com\/portal\/wp-json\/wp\/v2\/posts\/3665\/revisions\/3667"}],"wp:featuredmedia":[{"embeddable":true,"href":"https:\/\/girasolmultimedios.com\/portal\/wp-json\/wp\/v2\/media\/3666"}],"wp:attachment":[{"href":"https:\/\/girasolmultimedios.com\/portal\/wp-json\/wp\/v2\/media?parent=3665"}],"wp:term":[{"taxonomy":"category","embeddable":true,"href":"https:\/\/girasolmultimedios.com\/portal\/wp-json\/wp\/v2\/categories?post=3665"},{"taxonomy":"post_tag","embeddable":true,"href":"https:\/\/girasolmultimedios.com\/portal\/wp-json\/wp\/v2\/tags?post=3665"}],"curies":[{"name":"wp","href":"https:\/\/api.w.org\/{rel}","templated":true}]}}