{"id":3678,"date":"2026-01-27T05:47:22","date_gmt":"2026-01-27T11:47:22","guid":{"rendered":"https:\/\/girasolmultimedios.com\/portal\/?p=3678"},"modified":"2026-01-27T05:47:36","modified_gmt":"2026-01-27T11:47:36","slug":"un-diputado-opositor-de-bolivia-afirma-que-evo-morales-ya-no-esta-en-el-pais-y-se-encuentra-en-mexico","status":"publish","type":"post","link":"https:\/\/girasolmultimedios.com\/portal\/un-diputado-opositor-de-bolivia-afirma-que-evo-morales-ya-no-esta-en-el-pais-y-se-encuentra-en-mexico\/","title":{"rendered":"Un diputado opositor de Bolivia afirma que Evo Morales ya no est\u00e1 en el pa\u00eds y se encuentra en M\u00e9xico"},"content":{"rendered":"\n<p>\u00a0El diputado opositor boliviano del partido Libre Edgar Zegarra Bernal asegur\u00f3 el lunes que el expresidente Evo Morales ya no se encuentra en Bolivia y que estar\u00eda en M\u00e9xico, debido a que el Gobierno del presidente Rodrigo Paz no ejecut\u00f3 en su momento la orden de aprehensi\u00f3n vigente contra el exmandatario.<\/p>\n\n\n\n<p>\u201cEvo Morales ya no est\u00e1 en Bolivia, est\u00e1 en M\u00e9xico\u201d, afirm\u00f3 Zegarra en declaraciones a la prensa, y cuestion\u00f3 la inacci\u00f3n del Ejecutivo frente al proceso judicial que involucra al exmandatario.<\/p>\n\n\n\n<p>Consultado sobre el origen de su informaci\u00f3n, el legislador respondi\u00f3 \u201cya se van a enterar\u201d.<\/p>\n\n\n\n<p>Morales\u00a0(2006-2019) es procesado por el delito de trata agravada de personas. La Fiscal\u00eda de la regi\u00f3n sure\u00f1a de Tarija lo acusa de haber mantenido una relaci\u00f3n con una menor de edad, con quien supuestamente tuvo un hijo en 2016, cuando ejerc\u00eda la Presidencia.<\/p>\n\n\n\n<h2 class=\"wp-block-heading\" id=\"h-el-diputado-cuestiona-al-gobierno-de-paz\">El diputado cuestiona al Gobierno de Paz<\/h2>\n\n\n\n<p>Tras dictar una orden de captura contra Morales en octubre de 2024 y declararlo en rebeld\u00eda a inicios de 2025 por no presentarse a las audiencias, el Ministerio P\u00fablico present\u00f3 la acusaci\u00f3n formal en octubre pasado.<\/p>\n\n\n\n<p>Zegarra, del partido Libre, que lidera el expresidente Jorge Tuto Quiroga (2001-2002), sostuvo que el Gobierno tendr\u00eda conocimiento de esta situaci\u00f3n y denunci\u00f3 lo que calific\u00f3 como un \u201csilencio c\u00f3mplice\u201d.<\/p>\n\n\n\n<p>\u201c\u00bfPor qu\u00e9 no han ejecutado hasta ahorita el\u00a0mandamiento de apremio de Evo Morales? \u00bfPor qu\u00e9 no lo hacen?\u201d, reclam\u00f3 el diputado, quien se pregunt\u00f3 si el exmandatario \u201ces el rey de este pa\u00eds\u201d o \u201cel emperador para que no se sujete a la ley\u201d.<\/p>\n\n\n\n<p>El diputado Zegarra reiter\u00f3 su denuncia utilizando una frase popular \u201cy hoy d\u00eda, cuando el burro sale, quieren cerrar las puertas. Evo Morales, les vuelvo a decir, ya no est\u00e1 en este pa\u00eds. Est\u00e1 en M\u00e9xico\u201d.<\/p>\n\n\n\n<h2 class=\"wp-block-heading\" id=\"h-dudas-sobre-el-paradero-de-evo-morales\">Dudas sobre el paradero de Evo Morales<\/h2>\n\n\n\n<p>Morales no ha aparecido p\u00fablicamente en m\u00e1s de tres semanas y una de sus \u00faltimas publicaciones en redes sociales fue un mensaje al cumplirse 20 a\u00f1os desde que asumi\u00f3 por primera vez la Presidencia en 2006.<\/p>\n\n\n\n<p>En ese texto, el exmandatario hizo un repaso de lo que consider\u00f3 los principales logros de sus casi 14 a\u00f1os de Gobierno.<br>Morales se\u00f1al\u00f3 que cuando lleg\u00f3 al poder \u201cBolivia estaba sumida en una profunda crisis econ\u00f3mica y social\u201d y sostuvo que su gesti\u00f3n, hasta 2019, se caracteriz\u00f3 por recuperar el papel del Estado en la econom\u00eda y construir un Estado incluyente\u00bb<\/p>\n\n\n\n<figure class=\"wp-block-embed is-type-rich is-provider-twitter wp-block-embed-twitter\"><div class=\"wp-block-embed__wrapper\">\n<blockquote class=\"twitter-tweet\" data-width=\"550\" data-dnt=\"true\"><p lang=\"es\" dir=\"ltr\">Hoy se cumplen 20 a\u00f1os desde que, por primera vez, asumimos el mandato presidencial en 2006. <br><br>En ese momento, <a href=\"https:\/\/twitter.com\/hashtag\/Bolivia?src=hash&amp;ref_src=twsrc%5Etfw\">#Bolivia<\/a> estaba sumida en una profunda crisis econ\u00f3mica y social, asfixiada por un modelo neoliberal que privatiz\u00f3 y remat\u00f3 nuestras empresas p\u00fablicas en beneficio de\u2026 <a href=\"https:\/\/t.co\/lzgockX8B4\">pic.twitter.com\/lzgockX8B4<\/a><\/p>&mdash; Evo Morales Ayma (@evoespueblo) <a href=\"https:\/\/twitter.com\/evoespueblo\/status\/2014372736542367803?ref_src=twsrc%5Etfw\">January 22, 2026<\/a><\/blockquote><script async src=\"https:\/\/platform.twitter.com\/widgets.js\" charset=\"utf-8\"><\/script>\n<\/div><\/figure>\n\n\n\n<p>La ausencia de Morales en su programa radial dominical por tercera semana consecutiva gener\u00f3 dudas sobre su paradero, mientras que versiones de sus allegados y del Gobierno difieren respecto a una eventual salida oficial del pa\u00eds y a su estado de salud, ya que personas cercanas al expresidente han asegurado que sufri\u00f3 de dengue recientemente.<\/p>\n\n\n\n<p>En su momento, la Polic\u00eda no pudo ejecutar la orden de detenci\u00f3n porque los seguidores de Morales bloquearon carreteras durante 24 d\u00edas para impedir el ingreso de los agentes al Tr\u00f3pico de Cochabamba, el basti\u00f3n sindical y pol\u00edtico del exgobernante en el centro del pa\u00eds, donde esos sectores hacen vigilia desde octubre de 2024. EFE<\/p>\n","protected":false},"excerpt":{"rendered":"<p>\u00a0El diputado opositor boliviano del partido Libre Edgar Zegarra Bernal asegur\u00f3 el lunes que el expresidente Evo Morales ya no se encuentra en Bolivia y que estar\u00eda en M\u00e9xico, debido a que el Gobierno del presidente Rodrigo Paz no ejecut\u00f3 en su momento la orden de aprehensi\u00f3n vigente contra el exmandatario. \u201cEvo Morales ya no [&hellip;]<\/p>\n","protected":false},"author":2,"featured_media":3679,"comment_status":"closed","ping_status":"open","sticky":false,"template":"","format":"standard","meta":{"_seopress_robots_primary_cat":"","_seopress_titles_title":"","_seopress_titles_desc":"","_seopress_robots_index":"","footnotes":""},"categories":[45],"tags":[],"class_list":["post-3678","post","type-post","status-publish","format-standard","has-post-thumbnail","hentry","category-internacionales"],"_links":{"self":[{"href":"https:\/\/girasolmultimedios.com\/portal\/wp-json\/wp\/v2\/posts\/3678","targetHints":{"allow":["GET"]}}],"collection":[{"href":"https:\/\/girasolmultimedios.com\/portal\/wp-json\/wp\/v2\/posts"}],"about":[{"href":"https:\/\/girasolmultimedios.com\/portal\/wp-json\/wp\/v2\/types\/post"}],"author":[{"embeddable":true,"href":"https:\/\/girasolmultimedios.com\/portal\/wp-json\/wp\/v2\/users\/2"}],"replies":[{"embeddable":true,"href":"https:\/\/girasolmultimedios.com\/portal\/wp-json\/wp\/v2\/comments?post=3678"}],"version-history":[{"count":2,"href":"https:\/\/girasolmultimedios.com\/portal\/wp-json\/wp\/v2\/posts\/3678\/revisions"}],"predecessor-version":[{"id":3681,"href":"https:\/\/girasolmultimedios.com\/portal\/wp-json\/wp\/v2\/posts\/3678\/revisions\/3681"}],"wp:featuredmedia":[{"embeddable":true,"href":"https:\/\/girasolmultimedios.com\/portal\/wp-json\/wp\/v2\/media\/3679"}],"wp:attachment":[{"href":"https:\/\/girasolmultimedios.com\/portal\/wp-json\/wp\/v2\/media?parent=3678"}],"wp:term":[{"taxonomy":"category","embeddable":true,"href":"https:\/\/girasolmultimedios.com\/portal\/wp-json\/wp\/v2\/categories?post=3678"},{"taxonomy":"post_tag","embeddable":true,"href":"https:\/\/girasolmultimedios.com\/portal\/wp-json\/wp\/v2\/tags?post=3678"}],"curies":[{"name":"wp","href":"https:\/\/api.w.org\/{rel}","templated":true}]}}