{"id":3682,"date":"2026-01-27T05:53:51","date_gmt":"2026-01-27T11:53:51","guid":{"rendered":"https:\/\/girasolmultimedios.com\/portal\/?p=3682"},"modified":"2026-01-27T05:53:52","modified_gmt":"2026-01-27T11:53:52","slug":"menor-muere-aplastado-por-vehiculo-en-taller-mecanico-de-san-pedro-sula","status":"publish","type":"post","link":"https:\/\/girasolmultimedios.com\/portal\/menor-muere-aplastado-por-vehiculo-en-taller-mecanico-de-san-pedro-sula\/","title":{"rendered":"Menor muere aplastado por veh\u00edculo en taller mec\u00e1nico de San Pedro Sula"},"content":{"rendered":"\n<p>Un menor de 17 a\u00f1os perdi\u00f3 la vida de manera tr\u00e1gica el lunes mientras realizaba labores de reparaci\u00f3n en un\u00a0<strong>taller de mec\u00e1nica<\/strong>\u00a0de veh\u00edculos pesados en la ciudad de San Pedro Sula, Cort\u00e9s, norte de Honduras.<\/p>\n\n\n\n<p>De acuerdo con informaci\u00f3n preliminar, el joven intentaba levantar un veh\u00edculo tipo pick-up utilizando un artefacto mec\u00e1nico; sin embargo, el equipo habr\u00eda quedado mal colocado, lo que provoc\u00f3 que el autom\u00f3vil se deslizara y le cayera encima.<\/p>\n\n\n\n<p>La v\u00edctima fue identificada como&nbsp;<strong>Jair D\u00edaz Hern\u00e1ndez<\/strong>, quien ten\u00eda aproximadamente mes y medio de haber comenzado a trabajar en el taller.<\/p>\n\n\n\n<h4 class=\"wp-block-heading\">Le advirtieron que no levantara el carro<\/h4>\n\n\n\n<p>Uno de sus compa\u00f1eros relat\u00f3 que minutos antes del accidente le hab\u00eda pedido que esperara ayuda.<\/p>\n\n\n\n<p>\u00abYo le dije: &#8216;Jair, esp\u00e9rate un rato, ya te voy a ir a ayudar, no vas a levantar ese carro&#8217; \u00c9l era bien interactivo y se anim\u00f3 a hacerlo, y cuando menos acuerdo escuch\u00e9 los gritos de los compa\u00f1eros pidiendo ayuda\u00bb, expres\u00f3 a un medio de comunicaci\u00f3n.<\/p>\n\n\n\n<p>Visiblemente afectado, el mismo empleado lament\u00f3 la p\u00e9rdida del joven y destac\u00f3 sus cualidades.<\/p>\n\n\n\n<p>\u00abMe duele en el alma porque era buen trabajador, era un buen prospecto\u00bb, afirm\u00f3, agregando que incluso le hab\u00eda aconsejado que se profesionalizara, pues ten\u00eda mucho potencial para convertirse en un buen mec\u00e1nico.<\/p>\n\n\n\n<p>Al lugar del incidente lleg\u00f3 el padrastro del menor, quien se mostr\u00f3 desconcertado por lo ocurrido. Mientras tanto, se inform\u00f3 que la madre de Jair a\u00fan no hab\u00eda sido notificada del hecho y se solicit\u00f3 que se le avisara hasta que el cuerpo fuera retirado del lugar.<\/p>\n","protected":false},"excerpt":{"rendered":"<p>Un menor de 17 a\u00f1os perdi\u00f3 la vida de manera tr\u00e1gica el lunes mientras realizaba labores de reparaci\u00f3n en un\u00a0taller de mec\u00e1nica\u00a0de veh\u00edculos pesados en la ciudad de San Pedro Sula, Cort\u00e9s, norte de Honduras. De acuerdo con informaci\u00f3n preliminar, el joven intentaba levantar un veh\u00edculo tipo pick-up utilizando un artefacto mec\u00e1nico; sin embargo, el [&hellip;]<\/p>\n","protected":false},"author":2,"featured_media":3683,"comment_status":"closed","ping_status":"open","sticky":false,"template":"","format":"standard","meta":{"_seopress_robots_primary_cat":"","_seopress_titles_title":"","_seopress_titles_desc":"","_seopress_robots_index":"","footnotes":""},"categories":[23],"tags":[214],"class_list":["post-3682","post","type-post","status-publish","format-standard","has-post-thumbnail","hentry","category-nacionales","tag-sucesos"],"_links":{"self":[{"href":"https:\/\/girasolmultimedios.com\/portal\/wp-json\/wp\/v2\/posts\/3682","targetHints":{"allow":["GET"]}}],"collection":[{"href":"https:\/\/girasolmultimedios.com\/portal\/wp-json\/wp\/v2\/posts"}],"about":[{"href":"https:\/\/girasolmultimedios.com\/portal\/wp-json\/wp\/v2\/types\/post"}],"author":[{"embeddable":true,"href":"https:\/\/girasolmultimedios.com\/portal\/wp-json\/wp\/v2\/users\/2"}],"replies":[{"embeddable":true,"href":"https:\/\/girasolmultimedios.com\/portal\/wp-json\/wp\/v2\/comments?post=3682"}],"version-history":[{"count":1,"href":"https:\/\/girasolmultimedios.com\/portal\/wp-json\/wp\/v2\/posts\/3682\/revisions"}],"predecessor-version":[{"id":3684,"href":"https:\/\/girasolmultimedios.com\/portal\/wp-json\/wp\/v2\/posts\/3682\/revisions\/3684"}],"wp:featuredmedia":[{"embeddable":true,"href":"https:\/\/girasolmultimedios.com\/portal\/wp-json\/wp\/v2\/media\/3683"}],"wp:attachment":[{"href":"https:\/\/girasolmultimedios.com\/portal\/wp-json\/wp\/v2\/media?parent=3682"}],"wp:term":[{"taxonomy":"category","embeddable":true,"href":"https:\/\/girasolmultimedios.com\/portal\/wp-json\/wp\/v2\/categories?post=3682"},{"taxonomy":"post_tag","embeddable":true,"href":"https:\/\/girasolmultimedios.com\/portal\/wp-json\/wp\/v2\/tags?post=3682"}],"curies":[{"name":"wp","href":"https:\/\/api.w.org\/{rel}","templated":true}]}}