{"id":3685,"date":"2026-01-27T06:04:16","date_gmt":"2026-01-27T12:04:16","guid":{"rendered":"https:\/\/girasolmultimedios.com\/portal\/?p=3685"},"modified":"2026-01-27T06:14:54","modified_gmt":"2026-01-27T12:14:54","slug":"dos-hermanos-mueren-en-rina-familiar-en-guayape-olancho","status":"publish","type":"post","link":"https:\/\/girasolmultimedios.com\/portal\/dos-hermanos-mueren-en-rina-familiar-en-guayape-olancho\/","title":{"rendered":"Dos hermanos asesinados a disparos por su primo de 20 a\u00f1os tras una acalorada discusi\u00f3n en Olancho"},"content":{"rendered":"\n<p>Dos hermanos perdieron la vida durante una ri\u00f1a familiar registrada en la aldea San Jos\u00e9, Guayape, municipio de Juticalpa, Olancho, en la madrugada del lunes 26 de enero.<\/p>\n\n\n\n<p>Las v\u00edctimas fueron identificadas como Berling Alfonso y Levi Guadalupe \u00c1vila, quienes compart\u00edan con un primo cuando surgi\u00f3 una discusi\u00f3n por motivos que a\u00fan est\u00e1n bajo investigaci\u00f3n.<\/p>\n\n\n\n<p>Seg\u00fan la versi\u00f3n preliminar, el altercado escal\u00f3 r\u00e1pidamente hasta tornarse violento. Las autoridades informaron que los hermanos habr\u00edan intentado agredir al presunto responsable, un joven de 20 a\u00f1os, quien respondi\u00f3 utilizando un arma de fuego. Ambos fallecieron en el lugar.<\/p>\n\n\n\n<p>El sospechoso tambi\u00e9n result\u00f3 herido con arma blanca durante el enfrentamiento. Fue detenido en flagrancia por agentes de la Polic\u00eda Nacional tras una denuncia recibida a trav\u00e9s del Sistema Nacional de Emergencias 911.<\/p>\n\n\n\n<p>Al llegar a la escena, los agentes encontraron al joven refugiado en una vivienda y con varias lesiones, por lo que fue trasladado bajo custodia a un centro asistencial. Durante el operativo se decomis\u00f3 una pistola calibre 9 mil\u00edmetros, que ser\u00e1 remitida al Ministerio P\u00fablico como evidencia.<\/p>\n\n\n\n<p>Una vez reciba el alta m\u00e9dica, el detenido ser\u00e1 puesto a disposici\u00f3n de las autoridades competentes para continuar el proceso legal. La Polic\u00eda Nacional reiter\u00f3 su compromiso de responder de manera inmediata a las denuncias ciudadanas y fortalecer la seguridad en las comunidades de Olancho.<\/p>\n","protected":false},"excerpt":{"rendered":"<p>Dos hermanos perdieron la vida durante una ri\u00f1a familiar registrada en la aldea San Jos\u00e9, Guayape, municipio de Juticalpa, Olancho, en la madrugada del lunes 26 de enero. Las v\u00edctimas fueron identificadas como Berling Alfonso y Levi Guadalupe \u00c1vila, quienes compart\u00edan con un primo cuando surgi\u00f3 una discusi\u00f3n por motivos que a\u00fan est\u00e1n bajo investigaci\u00f3n. [&hellip;]<\/p>\n","protected":false},"author":2,"featured_media":3686,"comment_status":"closed","ping_status":"open","sticky":false,"template":"","format":"standard","meta":{"_seopress_robots_primary_cat":"","_seopress_titles_title":"","_seopress_titles_desc":"","_seopress_robots_index":"","footnotes":""},"categories":[23],"tags":[214],"class_list":["post-3685","post","type-post","status-publish","format-standard","has-post-thumbnail","hentry","category-nacionales","tag-sucesos"],"_links":{"self":[{"href":"https:\/\/girasolmultimedios.com\/portal\/wp-json\/wp\/v2\/posts\/3685","targetHints":{"allow":["GET"]}}],"collection":[{"href":"https:\/\/girasolmultimedios.com\/portal\/wp-json\/wp\/v2\/posts"}],"about":[{"href":"https:\/\/girasolmultimedios.com\/portal\/wp-json\/wp\/v2\/types\/post"}],"author":[{"embeddable":true,"href":"https:\/\/girasolmultimedios.com\/portal\/wp-json\/wp\/v2\/users\/2"}],"replies":[{"embeddable":true,"href":"https:\/\/girasolmultimedios.com\/portal\/wp-json\/wp\/v2\/comments?post=3685"}],"version-history":[{"count":2,"href":"https:\/\/girasolmultimedios.com\/portal\/wp-json\/wp\/v2\/posts\/3685\/revisions"}],"predecessor-version":[{"id":3689,"href":"https:\/\/girasolmultimedios.com\/portal\/wp-json\/wp\/v2\/posts\/3685\/revisions\/3689"}],"wp:featuredmedia":[{"embeddable":true,"href":"https:\/\/girasolmultimedios.com\/portal\/wp-json\/wp\/v2\/media\/3686"}],"wp:attachment":[{"href":"https:\/\/girasolmultimedios.com\/portal\/wp-json\/wp\/v2\/media?parent=3685"}],"wp:term":[{"taxonomy":"category","embeddable":true,"href":"https:\/\/girasolmultimedios.com\/portal\/wp-json\/wp\/v2\/categories?post=3685"},{"taxonomy":"post_tag","embeddable":true,"href":"https:\/\/girasolmultimedios.com\/portal\/wp-json\/wp\/v2\/tags?post=3685"}],"curies":[{"name":"wp","href":"https:\/\/api.w.org\/{rel}","templated":true}]}}