{"id":3699,"date":"2026-01-27T06:56:17","date_gmt":"2026-01-27T12:56:17","guid":{"rendered":"https:\/\/girasolmultimedios.com\/portal\/?p=3699"},"modified":"2026-01-27T06:56:17","modified_gmt":"2026-01-27T12:56:17","slug":"trump-define-destino-de-asfura","status":"publish","type":"post","link":"https:\/\/girasolmultimedios.com\/portal\/trump-define-destino-de-asfura\/","title":{"rendered":"Trump define destino de Asfura"},"content":{"rendered":"\n<p>Asfura, de origen palestino y natural de Tegucigalpa, donde naci\u00f3 el 8 de junio de 1958, fue electo presidente de Honduras en los duod\u00e9cimos comicios generales celebrados en el pa\u00eds desde el retorno a la democracia en 1980, tras casi dos d\u00e9cadas de reg\u00edmenes militares.<\/p>\n\n\n\n<p>El nuevo mandatario, quien a tres d\u00edas de las elecciones del 30 de noviembre recibi\u00f3 el respaldo del presidente de Estados Unidos, Donald Trump, lidera un Partido Nacional que vuelve al poder despu\u00e9s de tres periodos consecutivos, entre 2010 y 2022, que fueron salpicados por denuncias de corrupci\u00f3n y narcotr\u00e1fico, los \u00faltimos ocho a\u00f1os con Juan Orlando Hern\u00e1ndez como gobernante.<\/p>\n\n\n\n<p>El segundo per\u00edodo de Hern\u00e1ndez fue marcado por su reelecci\u00f3n como presidente, a\u00fan cuando la Constituci\u00f3n de la Rep\u00fablica no lo permite bajo ninguna modalidad, y su extradici\u00f3n en abril de 2022 a Estados Unidos, donde en junio de 2024 fue condenado a 45 a\u00f1os de c\u00e1rcel por narcotr\u00e1fico y armas, que fueron interrumpidos el pasado 1 de diciembre por un indulto que le concedi\u00f3 Trump.<\/p>\n\n\n\n<h2 class=\"wp-block-heading\"><strong>Apoyo de EE. UU. e Israel<\/strong><\/h2>\n\n\n\n<p>Asfura asumir\u00e1 el poder en un pa\u00eds que ya supera los diez millones de habitantes, de los que m\u00e1s del 60% vive en condiciones de pobreza, con altos \u00edndices de violencia criminal, deficientes sistemas de educaci\u00f3n y salud; corrupci\u00f3n, miles de campesinos exigiendo tierras, violaciones a los derechos humanos y una sociedad que se dividi\u00f3 tras el golpe de Estado del 28 de junio de 2009 al entonces presidente, Manuel Zelaya, entre otros problemas.<\/p>\n\n\n\n<p>Muchos de los problemas Asfura ha prometido resolverlos con \u201ctrabajo y m\u00e1s trabajo\u201d, fomento de las inversiones nacionales y extranjeras, nuevos empleos y el cierre de algunas instituciones del Estado, entre otras medidas.<\/p>\n\n\n\n<p>Adem\u00e1s, Asfura espera contar para el desarrollo de varios proyectos con el respaldo de Estados Unidos e Israel, pa\u00edses que visit\u00f3 hace dos semanas en su condici\u00f3n de presidente electo de Honduras.<\/p>\n\n\n\n<p>En materia de pol\u00edtica exterior, Asfura todav\u00eda no ha anunciado si romper\u00e1 o no las relaciones con China, que fueron establecidas durante la administraci\u00f3n de Xiomara Castro, quien adem\u00e1s rompi\u00f3 con Taiw\u00e1n.<\/p>\n\n\n\n<p>El nuevo titular del Ejecutivo hondure\u00f1o, un empresario de la construcci\u00f3n que fue alcalde de Tegucigalpa durante dos per\u00edodos consecutivos entre 2014 y 2022, tambi\u00e9n ha sido concejal y secretario del Fondo de Inversi\u00f3n Social.<\/p>\n","protected":false},"excerpt":{"rendered":"<p>Asfura, de origen palestino y natural de Tegucigalpa, donde naci\u00f3 el 8 de junio de 1958, fue electo presidente de Honduras en los duod\u00e9cimos comicios generales celebrados en el pa\u00eds desde el retorno a la democracia en 1980, tras casi dos d\u00e9cadas de reg\u00edmenes militares. El nuevo mandatario, quien a tres d\u00edas de las elecciones [&hellip;]<\/p>\n","protected":false},"author":2,"featured_media":3700,"comment_status":"closed","ping_status":"open","sticky":false,"template":"","format":"standard","meta":{"_seopress_robots_primary_cat":"","_seopress_titles_title":"","_seopress_titles_desc":"","_seopress_robots_index":"","footnotes":""},"categories":[1],"tags":[],"class_list":["post-3699","post","type-post","status-publish","format-standard","has-post-thumbnail","hentry","category-sin-categoria"],"_links":{"self":[{"href":"https:\/\/girasolmultimedios.com\/portal\/wp-json\/wp\/v2\/posts\/3699","targetHints":{"allow":["GET"]}}],"collection":[{"href":"https:\/\/girasolmultimedios.com\/portal\/wp-json\/wp\/v2\/posts"}],"about":[{"href":"https:\/\/girasolmultimedios.com\/portal\/wp-json\/wp\/v2\/types\/post"}],"author":[{"embeddable":true,"href":"https:\/\/girasolmultimedios.com\/portal\/wp-json\/wp\/v2\/users\/2"}],"replies":[{"embeddable":true,"href":"https:\/\/girasolmultimedios.com\/portal\/wp-json\/wp\/v2\/comments?post=3699"}],"version-history":[{"count":1,"href":"https:\/\/girasolmultimedios.com\/portal\/wp-json\/wp\/v2\/posts\/3699\/revisions"}],"predecessor-version":[{"id":3701,"href":"https:\/\/girasolmultimedios.com\/portal\/wp-json\/wp\/v2\/posts\/3699\/revisions\/3701"}],"wp:featuredmedia":[{"embeddable":true,"href":"https:\/\/girasolmultimedios.com\/portal\/wp-json\/wp\/v2\/media\/3700"}],"wp:attachment":[{"href":"https:\/\/girasolmultimedios.com\/portal\/wp-json\/wp\/v2\/media?parent=3699"}],"wp:term":[{"taxonomy":"category","embeddable":true,"href":"https:\/\/girasolmultimedios.com\/portal\/wp-json\/wp\/v2\/categories?post=3699"},{"taxonomy":"post_tag","embeddable":true,"href":"https:\/\/girasolmultimedios.com\/portal\/wp-json\/wp\/v2\/tags?post=3699"}],"curies":[{"name":"wp","href":"https:\/\/api.w.org\/{rel}","templated":true}]}}