{"id":3702,"date":"2026-01-27T06:58:05","date_gmt":"2026-01-27T12:58:05","guid":{"rendered":"https:\/\/girasolmultimedios.com\/portal\/?p=3702"},"modified":"2026-01-27T06:58:05","modified_gmt":"2026-01-27T12:58:05","slug":"cierre-del-puente-papa-francisco-agudiza-trafico-vial","status":"publish","type":"post","link":"https:\/\/girasolmultimedios.com\/portal\/cierre-del-puente-papa-francisco-agudiza-trafico-vial\/","title":{"rendered":"Cierre del puente \u201cPapa Francisco\u201d agudiza tr\u00e1fico vial"},"content":{"rendered":"\n<p>Los capitalinos exigen respuestas r\u00e1pidas para la finalizaci\u00f3n del puente elevado \u201cPapa Francisco\u201d, ubicado en el anillo perif\u00e9rico, salida a la aldea de Mateo, donde se forma congestionamiento vehicular a toda hora.<\/p>\n\n\n\n<p>La obra, que inici\u00f3 desde mayo de 2024, hab\u00eda mantenido con muchas expectativas a los capitalinos que ten\u00edan la esperanza de no tener que soportar m\u00e1s las colas de autom\u00f3viles que se forman en esta zona.<\/p>\n\n\n\n<p>El exalcalde del Distrito Central, Jorge Aldana, hab\u00eda prometido que esta v\u00eda de alivio, que permitir\u00e1 la circulaci\u00f3n de unos 20,000 veh\u00edculos, estar\u00eda finalizada para junio de 2025. Sin embargo, en los \u00faltimos d\u00edas de su gesti\u00f3n, apenas un carril fue habilitado, por lo que los trabajos han despertado la incertidumbre de posibles fallas estructurales.<\/p>\n\n\n\n<p>Seg\u00fan Benjam\u00edn Bustamante, director de Control y Seguimiento de Proyectos de la pasada administraci\u00f3n de Aldana, la separaci\u00f3n que se ve en una parte del puente debe existir, ya que son elementos r\u00edgidos.<\/p>\n\n\n\n<h2 class=\"wp-block-heading\"><strong>ES ALGO DISE\u00d1ADO<\/strong><\/h2>\n\n\n\n<p>\u201cEl proceso constructivo del paso a desnivel \u201cPapa Francisco\u201d contempla cuatro juntas de expansi\u00f3n, esto hace que cada cuerpo estructural se mueva de forma independiente y tiene que existir una separaci\u00f3n\u201d, detall\u00f3.<\/p>\n\n\n\n<p>\u201cPorque estos son elementos r\u00edgidos de concreto, si nosotros dejamos pegado eso, ah\u00ed s\u00ed van a existir grietas; todo es algo dise\u00f1ado en conjunto con la supervisi\u00f3n y el contratista para que este proyecto sea una realidad\u201d, indic\u00f3 Bustamante.<a href=\"https:\/\/cdn.latribuna.hn\/wp-content\/uploads\/2026\/01\/PUENTE-3.jpg\"><\/a><\/p>\n\n\n\n<p>Asegur\u00f3 que los trabajos en la construcci\u00f3n se realizan de la forma correcta, y que se han realizado algunos cierres en la obra, pero que ha sido para mitigar riesgos, as\u00ed como para la instalaci\u00f3n de tuber\u00edas y eliminar el relleno que puede comprometer la estructura.<\/p>\n\n\n\n<p>Estas acciones han llevado al cierre del puente de forma provisional, agudizando el pesado tr\u00e1fico vehicular en la zona, sin embargo, se espera que para el 2 de febrero hayan terminado estos trabajos y se pueda habilitar el puente.<\/p>\n\n\n\n<p><strong>TRABAJAN EN VIGA<\/strong><\/p>\n\n\n\n<p>Las autoridades municipales salientes han descartado fallas y aseguran que se trabaja en la superestructura de la otra viga, mientras en la parte inferior se avanza en la rotonda con di\u00e1metros correctos para que veh\u00edculos de todo tipo puedan circular.<\/p>\n\n\n\n<p>Bustamante resalt\u00f3 que todos los trabajos que se ejecutan en la obra est\u00e1n validados por un contratista certificado y un supervisor, y agradeci\u00f3 la veedur\u00eda de la poblaci\u00f3n.<\/p>\n\n\n\n<p>Indic\u00f3 que la obra se encuentra en un 75 por ciento de su construcci\u00f3n total. Cada semana, por el anillo perif\u00e9rico circulan unos 470,000 veh\u00edculos y esta obra ser\u00e1 un gran alivio para reducir el congestionamiento vehicular. <a href=\"https:\/\/cdn.latribuna.hn\/wp-content\/uploads\/2026\/01\/PUENTE-2.jpg\"><\/a><\/p>\n","protected":false},"excerpt":{"rendered":"<p>Los capitalinos exigen respuestas r\u00e1pidas para la finalizaci\u00f3n del puente elevado \u201cPapa Francisco\u201d, ubicado en el anillo perif\u00e9rico, salida a la aldea de Mateo, donde se forma congestionamiento vehicular a toda hora. La obra, que inici\u00f3 desde mayo de 2024, hab\u00eda mantenido con muchas expectativas a los capitalinos que ten\u00edan la esperanza de no tener [&hellip;]<\/p>\n","protected":false},"author":2,"featured_media":3703,"comment_status":"closed","ping_status":"open","sticky":false,"template":"","format":"standard","meta":{"_seopress_robots_primary_cat":"","_seopress_titles_title":"","_seopress_titles_desc":"","_seopress_robots_index":"","footnotes":""},"categories":[1],"tags":[],"class_list":["post-3702","post","type-post","status-publish","format-standard","has-post-thumbnail","hentry","category-sin-categoria"],"_links":{"self":[{"href":"https:\/\/girasolmultimedios.com\/portal\/wp-json\/wp\/v2\/posts\/3702","targetHints":{"allow":["GET"]}}],"collection":[{"href":"https:\/\/girasolmultimedios.com\/portal\/wp-json\/wp\/v2\/posts"}],"about":[{"href":"https:\/\/girasolmultimedios.com\/portal\/wp-json\/wp\/v2\/types\/post"}],"author":[{"embeddable":true,"href":"https:\/\/girasolmultimedios.com\/portal\/wp-json\/wp\/v2\/users\/2"}],"replies":[{"embeddable":true,"href":"https:\/\/girasolmultimedios.com\/portal\/wp-json\/wp\/v2\/comments?post=3702"}],"version-history":[{"count":1,"href":"https:\/\/girasolmultimedios.com\/portal\/wp-json\/wp\/v2\/posts\/3702\/revisions"}],"predecessor-version":[{"id":3704,"href":"https:\/\/girasolmultimedios.com\/portal\/wp-json\/wp\/v2\/posts\/3702\/revisions\/3704"}],"wp:featuredmedia":[{"embeddable":true,"href":"https:\/\/girasolmultimedios.com\/portal\/wp-json\/wp\/v2\/media\/3703"}],"wp:attachment":[{"href":"https:\/\/girasolmultimedios.com\/portal\/wp-json\/wp\/v2\/media?parent=3702"}],"wp:term":[{"taxonomy":"category","embeddable":true,"href":"https:\/\/girasolmultimedios.com\/portal\/wp-json\/wp\/v2\/categories?post=3702"},{"taxonomy":"post_tag","embeddable":true,"href":"https:\/\/girasolmultimedios.com\/portal\/wp-json\/wp\/v2\/tags?post=3702"}],"curies":[{"name":"wp","href":"https:\/\/api.w.org\/{rel}","templated":true}]}}