{"id":3705,"date":"2026-01-27T07:01:08","date_gmt":"2026-01-27T13:01:08","guid":{"rendered":"https:\/\/girasolmultimedios.com\/portal\/?p=3705"},"modified":"2026-01-27T07:01:08","modified_gmt":"2026-01-27T13:01:08","slug":"presentan-iniciativa-para-regular-cadenas-de-radio-y-television","status":"publish","type":"post","link":"https:\/\/girasolmultimedios.com\/portal\/presentan-iniciativa-para-regular-cadenas-de-radio-y-television\/","title":{"rendered":"Presentan iniciativa para regular cadenas de radio y televisi\u00f3n"},"content":{"rendered":"\n<p>En el marco del fortalecimiento institucional y el respeto a la libertad de expresi\u00f3n, el diputado del Partido Nacional, Antonio Rivera Callejas, present\u00f3 ante el Congreso Nacional (CN) una iniciativa de ley orientada a regular la emisi\u00f3n de cadenas nacionales obligatorias, mediante la reforma del art\u00edculo 10 de la Ley Marco del Sector de Telecomunicaciones.<\/p>\n\n\n\n<p>De esta manera se evitar\u00e1 que las cadenas de radio y televisi\u00f3n sean largas o repetitivas, a la vez que se ordenar\u00e1 su uso estricto para anuncios de emergencia nacional, explic\u00f3 el diputado proyectista.<\/p>\n\n\n\n<p>La propuesta tiene como objetivo establecer reglas claras para el uso de este mecanismo, al reservarlo de forma exclusiva para situaciones excepcionales definidas por ley, y garantizando un equilibrio entre el deber del Estado de informar y el respeto a los derechos fundamentales de la ciudadan\u00eda.<\/p>\n\n\n\n<p>El legislador indic\u00f3 que su iniciativa persigue reformar el art\u00edculo 10 de la Ley de Conatel para que estos espacios oficiales duren cinco minutos, una vez al d\u00eda, y no como se ha venido usando, hasta tres veces al d\u00eda y en temas meramente pol\u00edticos.<\/p>\n\n\n\n<p>Mencion\u00f3 que uno de los grandes abusadores de estas cadenas de radio y televisi\u00f3n fue el gobierno saliente, el fiscal general, Johel Zelaya; y el expresidente del CN, Luis Redondo, quien se dio a la tarea de usarlas para boicotear el proceso electoral y la declaratoria de los resultados del 30 de noviembre.<\/p>\n\n\n\n<p>En el caso del fiscal, record\u00f3, us\u00f3 estos medios para imputar cargos no probados contra el ahora presidente electo, Nasry Asfura, violando los principios de legalidad, el debido proceso y la presunci\u00f3n de inocencia, algo que no se hab\u00eda hecho en las actuaciones de titulares de ese cargo en casos similares.<\/p>\n\n\n\n<p>\u201cLa gente est\u00e1 harta de las cadenas de radio y televisi\u00f3n, solo deben usarse para emergencia nacional porque ahora hay miles de medios de televisi\u00f3n, de radio, redes sociales, en fin, no se pueden estar usando los medios oficiales para la libre empresa, tambi\u00e9n porque se le quitan espacios valiosos a las televisoras privadas que tienen compromisos con sus patrocinadores\u201d, manifest\u00f3 Rivera Callejas.<\/p>\n\n\n\n<p>El congresista dijo que existe voluntad de la mayor\u00eda de sus colegas para hacer esta reforma y que entre inmediatamente en vigencia. (EG)<\/p>\n\n\n\n<p><strong>DATOS<\/strong><br>\u201cGobernar es convencer, no imponer\u201d, advirti\u00f3 el diputado Antonio Rivera Callejas, reafirmando que la iniciativa busca proteger el derecho de los hondure\u00f1os a informarse sin interrupciones arbitrarias y contribuir a una relaci\u00f3n m\u00e1s respetuosa entre el Estado, los medios de comunicaci\u00f3n y la ciudadan\u00eda.<\/p>\n\n\n\n<p><em>SEG\u00daN PROPUESTA<\/em><\/p>\n\n\n\n<h3 class=\"wp-block-heading\"><strong>SOLO SE USAR\u00c1N EN EMERGENCIAS<\/strong><\/h3>\n\n\n\n<p>La propuesta legislativa establece que \u00fanicamente la Comisi\u00f3n Nacional de Telecomunicaciones (Conatel) podr\u00e1 solicitar la cadena nacional, y solo en casos espec\u00edficos como emergencias debidamente declaradas, hechos de extrema urgencia o comunicaciones c\u00edvico-institucionales estrictamente necesarias.<\/p>\n\n\n\n<p>Adem\u00e1s, proh\u00edbe expresamente su uso con fines propagand\u00edsticos, partidarios o personales.<\/p>\n\n\n\n<p>\u201c\u00bfCu\u00e1ntos hondure\u00f1os nos dicen que estaban viendo una pel\u00edcula, un partido o una noticia, y que se les interrumpe obligatoriamente la programaci\u00f3n?\u201d, plante\u00f3 el diputado Mario Rivera Callejas, destacando la necesidad de modernizar la comunicaci\u00f3n estatal.<\/p>\n\n\n\n<p>La propuesta, seg\u00fan el congresista, busca establecer una norma permanente con visi\u00f3n de futuro, orientada a prevenir excesos y fortalecer la institucionalidad democr\u00e1tica.<\/p>\n\n\n\n<p><a href=\"https:\/\/cdn.latribuna.hn\/wp-content\/uploads\/2026\/01\/CADENA-1.jpg\"><\/a><\/p>\n","protected":false},"excerpt":{"rendered":"<p>En el marco del fortalecimiento institucional y el respeto a la libertad de expresi\u00f3n, el diputado del Partido Nacional, Antonio Rivera Callejas, present\u00f3 ante el Congreso Nacional (CN) una iniciativa de ley orientada a regular la emisi\u00f3n de cadenas nacionales obligatorias, mediante la reforma del art\u00edculo 10 de la Ley Marco del Sector de Telecomunicaciones. [&hellip;]<\/p>\n","protected":false},"author":2,"featured_media":3706,"comment_status":"closed","ping_status":"open","sticky":false,"template":"","format":"standard","meta":{"_seopress_robots_primary_cat":"","_seopress_titles_title":"","_seopress_titles_desc":"","_seopress_robots_index":"","footnotes":""},"categories":[1],"tags":[],"class_list":["post-3705","post","type-post","status-publish","format-standard","has-post-thumbnail","hentry","category-sin-categoria"],"_links":{"self":[{"href":"https:\/\/girasolmultimedios.com\/portal\/wp-json\/wp\/v2\/posts\/3705","targetHints":{"allow":["GET"]}}],"collection":[{"href":"https:\/\/girasolmultimedios.com\/portal\/wp-json\/wp\/v2\/posts"}],"about":[{"href":"https:\/\/girasolmultimedios.com\/portal\/wp-json\/wp\/v2\/types\/post"}],"author":[{"embeddable":true,"href":"https:\/\/girasolmultimedios.com\/portal\/wp-json\/wp\/v2\/users\/2"}],"replies":[{"embeddable":true,"href":"https:\/\/girasolmultimedios.com\/portal\/wp-json\/wp\/v2\/comments?post=3705"}],"version-history":[{"count":1,"href":"https:\/\/girasolmultimedios.com\/portal\/wp-json\/wp\/v2\/posts\/3705\/revisions"}],"predecessor-version":[{"id":3707,"href":"https:\/\/girasolmultimedios.com\/portal\/wp-json\/wp\/v2\/posts\/3705\/revisions\/3707"}],"wp:featuredmedia":[{"embeddable":true,"href":"https:\/\/girasolmultimedios.com\/portal\/wp-json\/wp\/v2\/media\/3706"}],"wp:attachment":[{"href":"https:\/\/girasolmultimedios.com\/portal\/wp-json\/wp\/v2\/media?parent=3705"}],"wp:term":[{"taxonomy":"category","embeddable":true,"href":"https:\/\/girasolmultimedios.com\/portal\/wp-json\/wp\/v2\/categories?post=3705"},{"taxonomy":"post_tag","embeddable":true,"href":"https:\/\/girasolmultimedios.com\/portal\/wp-json\/wp\/v2\/tags?post=3705"}],"curies":[{"name":"wp","href":"https:\/\/api.w.org\/{rel}","templated":true}]}}