{"id":3714,"date":"2026-01-27T07:13:38","date_gmt":"2026-01-27T13:13:38","guid":{"rendered":"https:\/\/girasolmultimedios.com\/portal\/?p=3714"},"modified":"2026-01-27T07:13:39","modified_gmt":"2026-01-27T13:13:39","slug":"no-deben-darle-un-simbolismo-politico-a-los-colores-de-la-bandera-nacional","status":"publish","type":"post","link":"https:\/\/girasolmultimedios.com\/portal\/no-deben-darle-un-simbolismo-politico-a-los-colores-de-la-bandera-nacional\/","title":{"rendered":"No deben darle un simbolismo pol\u00edtico a los colores de la Bandera Nacional"},"content":{"rendered":"\n<p>La Bandera Nacional, color azul marino, ha vuelto a ondear a las afueras del Congreso Nacional, despu\u00e9s de que por cuatro a\u00f1os el pabell\u00f3n, fue color azul turquesa, mientras el historiador Julio M\u00e9ndez, advierte que no se le debe dar un simbolismo pol\u00edtico.<\/p>\n\n\n\n<p>Desde la d\u00e9cada de los 1960 y se refuerza con las dictaduras militares, en Honduras se ha utilizado la versi\u00f3n en azul oscuro, pero en 2022 la administraci\u00f3n de Xiomara Castro, estableci\u00f3 el color azul turquesa para la Bandera Nacional, haciendo el cambio tambi\u00e9n en el color de los uniformes en todas las escuelas p\u00fablicas del pa\u00eds.<\/p>\n\n\n\n<p>Pero, sorpresivamente, en los actos de la instalaci\u00f3n de la Primera Legislatura del Congreso Nacional el 25 de enero del presente a\u00f1o, volvi\u00f3 a flamear la bandera azul marino.<\/p>\n\n\n\n<p>\u201cPodemos decir que el color o el tono de la bandera se ha ido modificando con intereses pol\u00edticos y seg\u00fan las instituciones que tiene que ver con la bandera. No hay una constancia sobre el uso de un solo tono de azul\u201d, se\u00f1al\u00f3.<\/p>\n\n\n\n<p>M\u00e9ndez, ejemplific\u00f3 que no ha habido una constancia solo de azul oscuro o azul claro para el uso de algunos documentos legales, que nos identifican a los hondure\u00f1os, ya que no hay establecido un c\u00f3digo.<\/p>\n\n\n\n<p>Mediante un decreto legislativo 29 de 1949, en el gobierno del nacionalista Juan Manuel G\u00e1lvez, se estableci\u00f3 que el color de la Bandera Nacional debe ser azul turquesa, mismo que seg\u00fan este historiador no ha sido derogado.<\/p>\n\n\n\n<p>\u201cMientras ese decreto no sea abolido, todo uso de color que est\u00e9 fuera de \u00e9l, se podr\u00eda pensar como ilegal, o fuera de lo que manda la Constituci\u00f3n. Podemos decir que de cierta manera, este color es ilegal\u201d.<\/p>\n\n\n\n<p>\u201cLo que deber\u00edan ellos de hacer, es un decreto nuevo, reformulen el del 49. Pero no es algo que debe hacerse con expertos, que no lo pueden hacer los diputados, se debe hacer una investigaci\u00f3n y fundamentar las razones\u201d, argument\u00f3.<\/p>\n\n\n\n<p>M\u00e9ndez, advirti\u00f3 que, para cambiar el color de la bandera, se debe crear un decreto, pero antes se debe hacer una investigaci\u00f3n, fundamentar las razones, ya que de lo contrario quedar\u00e1 a la arbitrariedad de los partidos pol\u00edticos.<\/p>\n\n\n\n<p>\u201cTendr\u00eda que ser una investigaci\u00f3n de expertos y expertas en la materia, ah\u00ed no seria diputados los que deber\u00edan de estar. Deber\u00edan ser historiadores, gente del mundo de las artes, personas orientadas a estas tem\u00e1ticas\u201d, se\u00f1al\u00f3.<\/p>\n\n\n\n<p>Manifest\u00f3 que algo tan importante orientado a la historia y el arte, no se puede poner en manos de quienes desconocen esta \u00e1rea, este experto fue enf\u00e1tico y resalt\u00f3 que la forma en que se ha cambiado el color de la Bandera Nacional, ha sido ilegal a trav\u00e9s de los a\u00f1os, y con los m\u00e1s recientes acontecimientos.<\/p>\n\n\n\n<p>\u201cHacerlo pueden hacerlo, cambiar el color, porque son cosas que as\u00ed ha funcionado el pa\u00eds. Pero no es correcto, ni legal, no es lo que la ley establece, lo de la bandera es un s\u00edntoma de muchas cosas\u201d, resalt\u00f3.<\/p>\n\n\n\n<p>Recalc\u00f3 que mientras la ley no se reformule, la bandera debe ajustar al color estipulado en el reglamento. A trav\u00e9s de la historia el pabell\u00f3n ha tenido distintas tonalidades de azul.<\/p>\n\n\n\n<p>Indic\u00f3 que pese a ser el azul marino, hay muchas tonalidades de este, que a pesar de que se cambi\u00f3 al azul turquesa, no era la tonalidad correcta, por lo que es importante fijar un c\u00f3digo, de acuerdo a la investigaci\u00f3n y la argumentaci\u00f3n legal que debe hacerse.<\/p>\n\n\n\n<p>\u201cLa idea debe ser no asociar el color de la bandera a un partido pol\u00edtico, sino asociarla a la naci\u00f3n hondure\u00f1a. La tonalidad no es de hecho solo nacionalista, hay muchas instituciones que han estado detr\u00e1s de esa tonalidad\u201d.<\/p>\n\n\n\n<p>\u201cEs un s\u00edmbolo nacional y si, se quiere neutralidad pol\u00edtica, lo adecuado seguir una tonalidad fijada, aceptada por la totalidad de los y las hondure\u00f1as, que adem\u00e1s sea accesible, que hist\u00f3ricamente est\u00e9 fundamentado y no sea algo que lo saque de la manga\u201d, advirti\u00f3 el historiador.<\/p>\n","protected":false},"excerpt":{"rendered":"<p>La Bandera Nacional, color azul marino, ha vuelto a ondear a las afueras del Congreso Nacional, despu\u00e9s de que por cuatro a\u00f1os el pabell\u00f3n, fue color azul turquesa, mientras el historiador Julio M\u00e9ndez, advierte que no se le debe dar un simbolismo pol\u00edtico. Desde la d\u00e9cada de los 1960 y se refuerza con las dictaduras [&hellip;]<\/p>\n","protected":false},"author":2,"featured_media":3715,"comment_status":"closed","ping_status":"open","sticky":false,"template":"","format":"standard","meta":{"_seopress_robots_primary_cat":"","_seopress_titles_title":"","_seopress_titles_desc":"","_seopress_robots_index":"","footnotes":""},"categories":[1],"tags":[],"class_list":["post-3714","post","type-post","status-publish","format-standard","has-post-thumbnail","hentry","category-sin-categoria"],"_links":{"self":[{"href":"https:\/\/girasolmultimedios.com\/portal\/wp-json\/wp\/v2\/posts\/3714","targetHints":{"allow":["GET"]}}],"collection":[{"href":"https:\/\/girasolmultimedios.com\/portal\/wp-json\/wp\/v2\/posts"}],"about":[{"href":"https:\/\/girasolmultimedios.com\/portal\/wp-json\/wp\/v2\/types\/post"}],"author":[{"embeddable":true,"href":"https:\/\/girasolmultimedios.com\/portal\/wp-json\/wp\/v2\/users\/2"}],"replies":[{"embeddable":true,"href":"https:\/\/girasolmultimedios.com\/portal\/wp-json\/wp\/v2\/comments?post=3714"}],"version-history":[{"count":1,"href":"https:\/\/girasolmultimedios.com\/portal\/wp-json\/wp\/v2\/posts\/3714\/revisions"}],"predecessor-version":[{"id":3716,"href":"https:\/\/girasolmultimedios.com\/portal\/wp-json\/wp\/v2\/posts\/3714\/revisions\/3716"}],"wp:featuredmedia":[{"embeddable":true,"href":"https:\/\/girasolmultimedios.com\/portal\/wp-json\/wp\/v2\/media\/3715"}],"wp:attachment":[{"href":"https:\/\/girasolmultimedios.com\/portal\/wp-json\/wp\/v2\/media?parent=3714"}],"wp:term":[{"taxonomy":"category","embeddable":true,"href":"https:\/\/girasolmultimedios.com\/portal\/wp-json\/wp\/v2\/categories?post=3714"},{"taxonomy":"post_tag","embeddable":true,"href":"https:\/\/girasolmultimedios.com\/portal\/wp-json\/wp\/v2\/tags?post=3714"}],"curies":[{"name":"wp","href":"https:\/\/api.w.org\/{rel}","templated":true}]}}