{"id":3723,"date":"2026-01-27T07:31:57","date_gmt":"2026-01-27T13:31:57","guid":{"rendered":"https:\/\/girasolmultimedios.com\/portal\/?p=3723"},"modified":"2026-01-27T07:31:58","modified_gmt":"2026-01-27T13:31:58","slug":"otro-joven-muerto-en-un-accidente-de-motocicleta","status":"publish","type":"post","link":"https:\/\/girasolmultimedios.com\/portal\/otro-joven-muerto-en-un-accidente-de-motocicleta\/","title":{"rendered":"Otro joven muerto en un accidente de motocicleta"},"content":{"rendered":"\n<p>Un joven perdi\u00f3 la vida ayer cuando la motocicleta en que se transportaba colision\u00f3 contra una volqueta que presta servicios en el tren de aseo en la carretera CA-13, a la altura de Santa Ana, en el municipio de San Francisco, departamento de Atl\u00e1ntida.<\/p>\n\n\n\n<p>La persona fallecida fue identificada como Javier Caballero, de 27 a\u00f1os, quien se vio involucrado en el choque contra un cami\u00f3n recolector de basura. Las muertes por accidentes de tr\u00e1nsito en Honduras, siguen siendo la causa principal de muertes.<\/p>\n\n\n\n<p>Los percances viales aumentaron 10 por ciento en 2025. La Direcci\u00f3n Nacional de Vialidad y Transporte (DNVT) report\u00f3 1,894 fallecidos, el a\u00f1o anterior, en su mayor\u00eda eran pilotos de motocicletas.<\/p>\n\n\n\n<p><\/p>\n","protected":false},"excerpt":{"rendered":"<p>Un joven perdi\u00f3 la vida ayer cuando la motocicleta en que se transportaba colision\u00f3 contra una volqueta que presta servicios en el tren de aseo en la carretera CA-13, a la altura de Santa Ana, en el municipio de San Francisco, departamento de Atl\u00e1ntida. La persona fallecida fue identificada como Javier Caballero, de 27 a\u00f1os, [&hellip;]<\/p>\n","protected":false},"author":2,"featured_media":3724,"comment_status":"closed","ping_status":"open","sticky":false,"template":"","format":"standard","meta":{"_seopress_robots_primary_cat":"","_seopress_titles_title":"","_seopress_titles_desc":"","_seopress_robots_index":"","footnotes":""},"categories":[1],"tags":[],"class_list":["post-3723","post","type-post","status-publish","format-standard","has-post-thumbnail","hentry","category-sin-categoria"],"_links":{"self":[{"href":"https:\/\/girasolmultimedios.com\/portal\/wp-json\/wp\/v2\/posts\/3723","targetHints":{"allow":["GET"]}}],"collection":[{"href":"https:\/\/girasolmultimedios.com\/portal\/wp-json\/wp\/v2\/posts"}],"about":[{"href":"https:\/\/girasolmultimedios.com\/portal\/wp-json\/wp\/v2\/types\/post"}],"author":[{"embeddable":true,"href":"https:\/\/girasolmultimedios.com\/portal\/wp-json\/wp\/v2\/users\/2"}],"replies":[{"embeddable":true,"href":"https:\/\/girasolmultimedios.com\/portal\/wp-json\/wp\/v2\/comments?post=3723"}],"version-history":[{"count":1,"href":"https:\/\/girasolmultimedios.com\/portal\/wp-json\/wp\/v2\/posts\/3723\/revisions"}],"predecessor-version":[{"id":3725,"href":"https:\/\/girasolmultimedios.com\/portal\/wp-json\/wp\/v2\/posts\/3723\/revisions\/3725"}],"wp:featuredmedia":[{"embeddable":true,"href":"https:\/\/girasolmultimedios.com\/portal\/wp-json\/wp\/v2\/media\/3724"}],"wp:attachment":[{"href":"https:\/\/girasolmultimedios.com\/portal\/wp-json\/wp\/v2\/media?parent=3723"}],"wp:term":[{"taxonomy":"category","embeddable":true,"href":"https:\/\/girasolmultimedios.com\/portal\/wp-json\/wp\/v2\/categories?post=3723"},{"taxonomy":"post_tag","embeddable":true,"href":"https:\/\/girasolmultimedios.com\/portal\/wp-json\/wp\/v2\/tags?post=3723"}],"curies":[{"name":"wp","href":"https:\/\/api.w.org\/{rel}","templated":true}]}}