{"id":3727,"date":"2026-01-28T10:27:17","date_gmt":"2026-01-28T16:27:17","guid":{"rendered":"https:\/\/girasolmultimedios.com\/portal\/?p=3727"},"modified":"2026-01-28T10:27:18","modified_gmt":"2026-01-28T16:27:18","slug":"oea-felicita-a-nasry-asfura-y-reitera-compromiso-con-la-democracia-en-honduras","status":"publish","type":"post","link":"https:\/\/girasolmultimedios.com\/portal\/oea-felicita-a-nasry-asfura-y-reitera-compromiso-con-la-democracia-en-honduras\/","title":{"rendered":"OEA felicita a Nasry Asfura y reitera compromiso con la democracia en Honduras"},"content":{"rendered":"\n<p>El secretario general de la Organizaci\u00f3n de Estados Americanos (OEA), Albert Ramdin en las \u00faltimas horas mediante redes sociales felicit\u00f3 al presidente hondure\u00f1o Nasry Asfura, adem\u00e1s reiter\u00f3 el compromiso con nuestro pa\u00eds con la democracia.<\/p>\n\n\n\n<p>\u201cExtiendo mis m\u00e1s c\u00e1lidas felicitaciones al presidente Nasry Juan Asfura Zablah al asumir el cargo de residente de la Rep\u00fablica de Honduras para el per\u00edodo 2026\u20132030. Su toma de posesi\u00f3n hoy marca un nuevo cap\u00edtulo para el pueblo hondure\u00f1o y refleja la voluntad democr\u00e1tica expresada a trav\u00e9s del proceso electoral\u201d, escribi\u00f3 Ramdin.<\/p>\n\n\n\n<p>Adem\u00e1s, enfatiz\u00f3 que, como secretario general de la Organizaci\u00f3n de los Estados Americanos, \u201creafirmo el compromiso de la OEA, fundamentado en la Carta Democr\u00e1tica Interamericana, de apoyar las instituciones democr\u00e1ticas, la paz y la prosperidad en todo el hemisferio\u201d.<\/p>\n\n\n\n<p>\u201cEspero una relaci\u00f3n de trabajo constructiva con el presidente Asfura y su administraci\u00f3n, mientras colaboramos para fortalecer el Estado de derecho, promover el desarrollo inclusivo y afianzar la cooperaci\u00f3n en las Am\u00e9ricas\u201d, sostuvo Albert Ramdin.<\/p>\n\n\n\n<p>Concluy\u00f3 su mensaje destacando que, le desea el mayor de los \u00e9xitos a Nasry Asfura, \u201cen su liderazgo y en la atenci\u00f3n de las aspiraciones y el bienestar de todos los hondure\u00f1os\u201d.<\/p>\n\n\n\n<p>El presidente constitucional de Honduras, Nasry Asfura, en su primer discurso oficial con un llamado a la unidad nacional y prometi\u00f3: \u201cHonduras, no te voy a fallar, vamos a estar bien\u201d. Asfura reiter\u00f3 su compromiso de implementar un \u201cempe\u00f1o de alma\u201d para resolver los problemas de la ciudadan\u00eda sin distinciones partidarias.<\/p>\n\n\n\n<p>\u201cEsto no ha sido un camino exonerado, en cada tropiezo hubo manos dispuestas a levantarme; en cada momento dif\u00edcil, palabra de aliento, y cuando el trayecto parec\u00eda m\u00e1s oscuro, la luz de muchas personas nos mostr\u00f3 el rumbo\u201d, dijo Asfura, durante su toma de posesi\u00f3n que tuvo lugar en el Congreso Nacional.<\/p>\n","protected":false},"excerpt":{"rendered":"<p>El secretario general de la Organizaci\u00f3n de Estados Americanos (OEA), Albert Ramdin en las \u00faltimas horas mediante redes sociales felicit\u00f3 al presidente hondure\u00f1o Nasry Asfura, adem\u00e1s reiter\u00f3 el compromiso con nuestro pa\u00eds con la democracia. \u201cExtiendo mis m\u00e1s c\u00e1lidas felicitaciones al presidente Nasry Juan Asfura Zablah al asumir el cargo de residente de la Rep\u00fablica [&hellip;]<\/p>\n","protected":false},"author":2,"featured_media":3728,"comment_status":"closed","ping_status":"open","sticky":false,"template":"","format":"standard","meta":{"_seopress_robots_primary_cat":"","_seopress_titles_title":"","_seopress_titles_desc":"","_seopress_robots_index":"","footnotes":""},"categories":[1],"tags":[],"class_list":["post-3727","post","type-post","status-publish","format-standard","has-post-thumbnail","hentry","category-sin-categoria"],"_links":{"self":[{"href":"https:\/\/girasolmultimedios.com\/portal\/wp-json\/wp\/v2\/posts\/3727","targetHints":{"allow":["GET"]}}],"collection":[{"href":"https:\/\/girasolmultimedios.com\/portal\/wp-json\/wp\/v2\/posts"}],"about":[{"href":"https:\/\/girasolmultimedios.com\/portal\/wp-json\/wp\/v2\/types\/post"}],"author":[{"embeddable":true,"href":"https:\/\/girasolmultimedios.com\/portal\/wp-json\/wp\/v2\/users\/2"}],"replies":[{"embeddable":true,"href":"https:\/\/girasolmultimedios.com\/portal\/wp-json\/wp\/v2\/comments?post=3727"}],"version-history":[{"count":1,"href":"https:\/\/girasolmultimedios.com\/portal\/wp-json\/wp\/v2\/posts\/3727\/revisions"}],"predecessor-version":[{"id":3729,"href":"https:\/\/girasolmultimedios.com\/portal\/wp-json\/wp\/v2\/posts\/3727\/revisions\/3729"}],"wp:featuredmedia":[{"embeddable":true,"href":"https:\/\/girasolmultimedios.com\/portal\/wp-json\/wp\/v2\/media\/3728"}],"wp:attachment":[{"href":"https:\/\/girasolmultimedios.com\/portal\/wp-json\/wp\/v2\/media?parent=3727"}],"wp:term":[{"taxonomy":"category","embeddable":true,"href":"https:\/\/girasolmultimedios.com\/portal\/wp-json\/wp\/v2\/categories?post=3727"},{"taxonomy":"post_tag","embeddable":true,"href":"https:\/\/girasolmultimedios.com\/portal\/wp-json\/wp\/v2\/tags?post=3727"}],"curies":[{"name":"wp","href":"https:\/\/api.w.org\/{rel}","templated":true}]}}