{"id":3733,"date":"2026-01-28T10:40:24","date_gmt":"2026-01-28T16:40:24","guid":{"rendered":"https:\/\/girasolmultimedios.com\/portal\/?p=3733"},"modified":"2026-01-28T10:40:24","modified_gmt":"2026-01-28T16:40:24","slug":"generacion-de-empleo-y-equilibrio-salarial-sera-la-prioridad-en-la-secretaria-del-trabajo","status":"publish","type":"post","link":"https:\/\/girasolmultimedios.com\/portal\/generacion-de-empleo-y-equilibrio-salarial-sera-la-prioridad-en-la-secretaria-del-trabajo\/","title":{"rendered":"Generaci\u00f3n de empleo y equilibrio salarial ser\u00e1 la prioridad en la Secretar\u00eda del Trabajo"},"content":{"rendered":"\n<p>El subsecretario de Estado en los Despachos de la Secretaria del Trabajo, Daniel Discua, el cual en las \u00faltimas horas fue juramentado en el Gobierno de Nasry Asfura, inform\u00f3 este mi\u00e9rcoles que la generaci\u00f3n de empleo y el equilibrio salarial ser\u00e1n las prioridades durante esta administraci\u00f3n.<\/p>\n\n\n\n<p>\u201cAyer, pues, fuimos juramentados en horas de la noche, una buena parte del gabinete, y el d\u00eda de hoy, como lo dice don Nasry Asfura nuestro presidente, a trabajar, no hay tiempo que perder, tenemos una agenda cargada\u201d, comenz\u00f3 diciendo Discua.<\/p>\n\n\n\n<p>El funcionario coment\u00f3 que, el tema laboral, el cual fue algo fundamental en la campa\u00f1a de Asfura, la promesa de poder generar empleo al pa\u00eds, \u201cgenerar el empleo a los j\u00f3venes, a los adultos, priorizar estos temas, as\u00ed que nosotros ya estamos listos, vamos a llegar hoy a la Secretar\u00eda del Trabajo junto con el se\u00f1or ministro Abogado Fernando Puerto, y en este sentido esperamos hacer lo mejor por el pa\u00eds\u201d.<\/p>\n\n\n\n<p>Asimismo, se refiri\u00f3 que en el tema de los sindicatos que quedaron de la antigua administraci\u00f3n, no habr\u00e1 que apresurarse, pero que hay un procedimiento que seguir y que se va a revisar, \u201cvamos a ver si cumple los requisitos y vamos a ver qu\u00e9 determinaci\u00f3n se toma desde la Secretar\u00eda del Trabajo, a ver si esto no fue pues con alg\u00fan tipo de mala intenci\u00f3n y tratar de boicotear al gobierno entrante\u201d.<\/p>\n\n\n\n<p>Sobre el salario m\u00ednimo, Daniel Discua afirm\u00f3 que Asfura a nombrado un gabinete amplio en materia econ\u00f3mica y que se han puesto a personas capaces, \u201cdigo esto porque hist\u00f3ricamente, \u00bfde qu\u00e9 sirve subirle el salario al trabajador si todo sube en el pa\u00eds? As\u00ed que hay que encontrar ese punto de equilibrio, hay que encontrar los mecanismos para que al hondure\u00f1o le rinda m\u00e1s el dinero, para que, por supuesto, tenga derecho a ganar m\u00e1s\u201d.<\/p>\n\n\n\n<p>Finalmente explic\u00f3 que no llegar\u00e1n a culpar a los que estaban en la anterior administraci\u00f3n, \u201cya tuvieron cuatro a\u00f1os, hicieron su trabajo y lo hicieron con revanchismo. Ahora bien, s\u00ed se van a revisar porque inevitablemente no hay que desconocer que esto es pol\u00edtica. Se llega al poder para servir a todo el pa\u00eds, pero a trav\u00e9s de un partido pol\u00edtico, as\u00ed que obviamente hay mucha gente de nuestro partido con la que existe alg\u00fan compromiso y depender\u00e1 el cargo pues se van a ir nombrando\u201d.&nbsp;<\/p>\n","protected":false},"excerpt":{"rendered":"<p>El subsecretario de Estado en los Despachos de la Secretaria del Trabajo, Daniel Discua, el cual en las \u00faltimas horas fue juramentado en el Gobierno de Nasry Asfura, inform\u00f3 este mi\u00e9rcoles que la generaci\u00f3n de empleo y el equilibrio salarial ser\u00e1n las prioridades durante esta administraci\u00f3n. \u201cAyer, pues, fuimos juramentados en horas de la noche, [&hellip;]<\/p>\n","protected":false},"author":2,"featured_media":3734,"comment_status":"closed","ping_status":"open","sticky":false,"template":"","format":"standard","meta":{"_seopress_robots_primary_cat":"","_seopress_titles_title":"","_seopress_titles_desc":"","_seopress_robots_index":"","footnotes":""},"categories":[1],"tags":[],"class_list":["post-3733","post","type-post","status-publish","format-standard","has-post-thumbnail","hentry","category-sin-categoria"],"_links":{"self":[{"href":"https:\/\/girasolmultimedios.com\/portal\/wp-json\/wp\/v2\/posts\/3733","targetHints":{"allow":["GET"]}}],"collection":[{"href":"https:\/\/girasolmultimedios.com\/portal\/wp-json\/wp\/v2\/posts"}],"about":[{"href":"https:\/\/girasolmultimedios.com\/portal\/wp-json\/wp\/v2\/types\/post"}],"author":[{"embeddable":true,"href":"https:\/\/girasolmultimedios.com\/portal\/wp-json\/wp\/v2\/users\/2"}],"replies":[{"embeddable":true,"href":"https:\/\/girasolmultimedios.com\/portal\/wp-json\/wp\/v2\/comments?post=3733"}],"version-history":[{"count":1,"href":"https:\/\/girasolmultimedios.com\/portal\/wp-json\/wp\/v2\/posts\/3733\/revisions"}],"predecessor-version":[{"id":3735,"href":"https:\/\/girasolmultimedios.com\/portal\/wp-json\/wp\/v2\/posts\/3733\/revisions\/3735"}],"wp:featuredmedia":[{"embeddable":true,"href":"https:\/\/girasolmultimedios.com\/portal\/wp-json\/wp\/v2\/media\/3734"}],"wp:attachment":[{"href":"https:\/\/girasolmultimedios.com\/portal\/wp-json\/wp\/v2\/media?parent=3733"}],"wp:term":[{"taxonomy":"category","embeddable":true,"href":"https:\/\/girasolmultimedios.com\/portal\/wp-json\/wp\/v2\/categories?post=3733"},{"taxonomy":"post_tag","embeddable":true,"href":"https:\/\/girasolmultimedios.com\/portal\/wp-json\/wp\/v2\/tags?post=3733"}],"curies":[{"name":"wp","href":"https:\/\/api.w.org\/{rel}","templated":true}]}}