{"id":3736,"date":"2026-01-28T10:41:54","date_gmt":"2026-01-28T16:41:54","guid":{"rendered":"https:\/\/girasolmultimedios.com\/portal\/?p=3736"},"modified":"2026-01-28T10:41:54","modified_gmt":"2026-01-28T16:41:54","slug":"honduras-mision-cumplida-dice-jefe-de-las-ffaa-tras-investidura-de-asfura","status":"publish","type":"post","link":"https:\/\/girasolmultimedios.com\/portal\/honduras-mision-cumplida-dice-jefe-de-las-ffaa-tras-investidura-de-asfura\/","title":{"rendered":"Honduras, \u201cmisi\u00f3n cumplida\u201d, dice jefe de las FFAA tras investidura de Asfura"},"content":{"rendered":"\n<p>El jefe del Estado Mayor Conjunto de las Fuerzas Armadas, H\u00e9ctor Benjam\u00edn Valerio Ard\u00f3n, gener\u00f3 diversas interpretaciones este mi\u00e9rcoles tras publicar un mensaje oficial de \u201cmisi\u00f3n cumplida\u201d en sus redes sociales luego de participar en la investidura presidencial de Nasry Asfura.<\/p>\n\n\n\n<p>Valerio Ard\u00f3n manifest\u00f3 mediante su cuenta oficial en la plataforma X un breve texto de compromiso institucional hacia la naci\u00f3n que despert\u00f3 especulaciones sobre su continuidad o el cierre del ciclo electoral.<\/p>\n\n\n\n<p>\u201cQuerida Patria Honduras, para servirte estamos\u2026 Misi\u00f3n cumplida\u201d, public\u00f3 el actual jefe de las FFAA.<\/p>\n\n\n\n<p>El presidente Nasry Asfura recalc\u00f3 durante su primer discurso el papel fundamental del jerarca militar y la junta de comandantes en la preservaci\u00f3n de la \u201cestabilidad democr\u00e1tica\u201d durante el reciente proceso de transici\u00f3n pol\u00edtica.<\/p>\n\n\n\n<p>\u201cHemos llegado gracias a la gracia de Dios y al esfuerzo de todos. Esto no ha sido un camino en soledad. Cada aporte fue valioso, desde la familia hasta la comunidad internacional y los ciudadanos que apoyaron la defensa de la democracia\u201d, dijo el presidente Asfura.<\/p>\n\n\n\n<p>Asfura indic\u00f3 que el respaldo de las instituciones armadas constituye una de las prioridades para alcanzar la \u201cunidad nacional\u201d y ejecutar con \u00e9xito las pol\u00edticas p\u00fablicas dise\u00f1adas para su mandato constitucional.<\/p>\n\n\n\n<p>El mandatario reiter\u00f3 un agradecimiento extensivo a las autoridades electorales y la c\u00fapula castrense por garantizar el respeto a la libertad y la defensa de la voluntad ciudadana en las urnas.<strong>&nbsp;<\/strong><\/p>\n","protected":false},"excerpt":{"rendered":"<p>El jefe del Estado Mayor Conjunto de las Fuerzas Armadas, H\u00e9ctor Benjam\u00edn Valerio Ard\u00f3n, gener\u00f3 diversas interpretaciones este mi\u00e9rcoles tras publicar un mensaje oficial de \u201cmisi\u00f3n cumplida\u201d en sus redes sociales luego de participar en la investidura presidencial de Nasry Asfura. Valerio Ard\u00f3n manifest\u00f3 mediante su cuenta oficial en la plataforma X un breve texto [&hellip;]<\/p>\n","protected":false},"author":2,"featured_media":3737,"comment_status":"closed","ping_status":"open","sticky":false,"template":"","format":"standard","meta":{"_seopress_robots_primary_cat":"","_seopress_titles_title":"","_seopress_titles_desc":"","_seopress_robots_index":"","footnotes":""},"categories":[1],"tags":[],"class_list":["post-3736","post","type-post","status-publish","format-standard","has-post-thumbnail","hentry","category-sin-categoria"],"_links":{"self":[{"href":"https:\/\/girasolmultimedios.com\/portal\/wp-json\/wp\/v2\/posts\/3736","targetHints":{"allow":["GET"]}}],"collection":[{"href":"https:\/\/girasolmultimedios.com\/portal\/wp-json\/wp\/v2\/posts"}],"about":[{"href":"https:\/\/girasolmultimedios.com\/portal\/wp-json\/wp\/v2\/types\/post"}],"author":[{"embeddable":true,"href":"https:\/\/girasolmultimedios.com\/portal\/wp-json\/wp\/v2\/users\/2"}],"replies":[{"embeddable":true,"href":"https:\/\/girasolmultimedios.com\/portal\/wp-json\/wp\/v2\/comments?post=3736"}],"version-history":[{"count":1,"href":"https:\/\/girasolmultimedios.com\/portal\/wp-json\/wp\/v2\/posts\/3736\/revisions"}],"predecessor-version":[{"id":3738,"href":"https:\/\/girasolmultimedios.com\/portal\/wp-json\/wp\/v2\/posts\/3736\/revisions\/3738"}],"wp:featuredmedia":[{"embeddable":true,"href":"https:\/\/girasolmultimedios.com\/portal\/wp-json\/wp\/v2\/media\/3737"}],"wp:attachment":[{"href":"https:\/\/girasolmultimedios.com\/portal\/wp-json\/wp\/v2\/media?parent=3736"}],"wp:term":[{"taxonomy":"category","embeddable":true,"href":"https:\/\/girasolmultimedios.com\/portal\/wp-json\/wp\/v2\/categories?post=3736"},{"taxonomy":"post_tag","embeddable":true,"href":"https:\/\/girasolmultimedios.com\/portal\/wp-json\/wp\/v2\/tags?post=3736"}],"curies":[{"name":"wp","href":"https:\/\/api.w.org\/{rel}","templated":true}]}}