{"id":3755,"date":"2026-01-28T11:02:07","date_gmt":"2026-01-28T17:02:07","guid":{"rendered":"https:\/\/girasolmultimedios.com\/portal\/?p=3755"},"modified":"2026-01-28T11:02:07","modified_gmt":"2026-01-28T17:02:07","slug":"congreso-priorizara-emergencia-sanitaria-para-eliminar-mora-quirurgica-y-falta-de-farmacos","status":"publish","type":"post","link":"https:\/\/girasolmultimedios.com\/portal\/congreso-priorizara-emergencia-sanitaria-para-eliminar-mora-quirurgica-y-falta-de-farmacos\/","title":{"rendered":"Congreso priorizar\u00e1 emergencia sanitaria para eliminar mora quir\u00fargica y falta de f\u00e1rmacos"},"content":{"rendered":"\n<p>El presidente del Congreso Nacional, Tom\u00e1s Zambrano, anunci\u00f3 este martes que la c\u00e1mara legislativa priorizar\u00e1 la aprobaci\u00f3n de un decreto de emergencia sanitaria para garantizar el abastecimiento de medicamentos y la eliminaci\u00f3n de la mora quir\u00fargica en todo el pa\u00eds.<\/p>\n\n\n\n<p>Zambrano puntualiz\u00f3 que la iniciativa que ser\u00e1 discutida el pr\u00f3ximo lunes busca potenciar la \u201ccompra y abastecimiento\u201d de insumos para que la asistencia m\u00e9dica llegue hasta el \u00faltimo rinc\u00f3n de los centros de salud mediante un sistema de dispensa eficiente.<\/p>\n\n\n\n<p>\u201cPero si ustedes escucharon, el presidente Tito le pidi\u00f3 al Congreso que lo apoyemos, porque esto no es una agenda de Papi, esto es una agenda del pa\u00eds, una agenda de Honduras. Y ha solicitado que le podamos respaldar en este tema de medicina. Ya est\u00e1 presentado\u201d, dijo Zambrano a periodistas.<\/p>\n\n\n\n<p>\u201cQue ese hondure\u00f1o que est\u00e1 esperando hace d\u00edas la operaci\u00f3n, mientras se potencia los quir\u00f3fanos, no puedan operar en un centro hospitalario privado. Yo le digo a los amigos, alejen cuentos de que el Estado se va a quitar la responsabilidad\u201d, adicion\u00f3.<\/p>\n\n\n\n<p>Aclar\u00f3 que declarar la emergencia ser\u00eda \u201calgo transitorio\u201d, que \u201cpuede durar un a\u00f1o\u201d, pero \u201cdespu\u00e9s volvemos, que se utilice 100 por ciento el sistema p\u00fablico\u201d.<\/p>\n\n\n\n<p>El titular del Legislativo manifest\u00f3 que el proyecto contempla convenios con la \u201cred de farmacias\u201d departamentales para asegurar que ning\u00fan ciudadano se quede sin sus f\u00e1rmacos ante la carencia de suministros en el sistema p\u00fablico.<\/p>\n\n\n\n<p>\u201cS\u00ed en ese momento no hay medicina en los centros de salud, existe un convenio con la red de farmacias de los departamentos. Y, por \u00faltimo, eliminar la mora quir\u00fargica. Hoy est\u00e1n esperando 14 mil hondure\u00f1os que le han dicho que lo van a operar en seis meses o un a\u00f1o\u201d, reiter\u00f3.<\/p>\n\n\n\n<p>Por otro lado, el diputado recalc\u00f3 que el ambiente de la toma de posesi\u00f3n presidencial reflej\u00f3 un \u201cmensaje de armon\u00eda\u201d debido a la presencia pac\u00edfica e integrada de las cinco bancadas pol\u00edticas representadas en el Congreso Nacional.<\/p>\n\n\n\n<p>\u201cYo creo que hay que resaltar algo, que estuvimos las cinco bancadas integradas acompa\u00f1ando la toma de posesi\u00f3n. Algo, por lo menos, desde que hay tres fuerzas pol\u00edticas mayoritarias, porque antes era m\u00e1s f\u00e1cil, liberares y nacionalistas a acudir al estadio, pero hoy con Libertad y Refundaci\u00f3n yo les tengo que reconocer a Libre, que nos acompa\u00f1\u00f3 de manera normal, de manera pac\u00edfica, de manera de consenso, y realmente como hermanos nos vimos en el Congreso Nacional\u201d, expres\u00f3.<\/p>\n\n\n\n<p>Zambrano cerr\u00f3 que la agenda parlamentaria inmediata tambi\u00e9n incluye la elecci\u00f3n del procurador y subprocurador de la Rep\u00fablica bajo una pol\u00edtica de \u201cconsensos y di\u00e1logo\u201d para construir el bienestar de Honduras.<\/p>\n","protected":false},"excerpt":{"rendered":"<p>El presidente del Congreso Nacional, Tom\u00e1s Zambrano, anunci\u00f3 este martes que la c\u00e1mara legislativa priorizar\u00e1 la aprobaci\u00f3n de un decreto de emergencia sanitaria para garantizar el abastecimiento de medicamentos y la eliminaci\u00f3n de la mora quir\u00fargica en todo el pa\u00eds. Zambrano puntualiz\u00f3 que la iniciativa que ser\u00e1 discutida el pr\u00f3ximo lunes busca potenciar la \u201ccompra [&hellip;]<\/p>\n","protected":false},"author":2,"featured_media":3756,"comment_status":"closed","ping_status":"open","sticky":false,"template":"","format":"standard","meta":{"_seopress_robots_primary_cat":"","_seopress_titles_title":"","_seopress_titles_desc":"","_seopress_robots_index":"","footnotes":""},"categories":[1],"tags":[],"class_list":["post-3755","post","type-post","status-publish","format-standard","has-post-thumbnail","hentry","category-sin-categoria"],"_links":{"self":[{"href":"https:\/\/girasolmultimedios.com\/portal\/wp-json\/wp\/v2\/posts\/3755","targetHints":{"allow":["GET"]}}],"collection":[{"href":"https:\/\/girasolmultimedios.com\/portal\/wp-json\/wp\/v2\/posts"}],"about":[{"href":"https:\/\/girasolmultimedios.com\/portal\/wp-json\/wp\/v2\/types\/post"}],"author":[{"embeddable":true,"href":"https:\/\/girasolmultimedios.com\/portal\/wp-json\/wp\/v2\/users\/2"}],"replies":[{"embeddable":true,"href":"https:\/\/girasolmultimedios.com\/portal\/wp-json\/wp\/v2\/comments?post=3755"}],"version-history":[{"count":1,"href":"https:\/\/girasolmultimedios.com\/portal\/wp-json\/wp\/v2\/posts\/3755\/revisions"}],"predecessor-version":[{"id":3757,"href":"https:\/\/girasolmultimedios.com\/portal\/wp-json\/wp\/v2\/posts\/3755\/revisions\/3757"}],"wp:featuredmedia":[{"embeddable":true,"href":"https:\/\/girasolmultimedios.com\/portal\/wp-json\/wp\/v2\/media\/3756"}],"wp:attachment":[{"href":"https:\/\/girasolmultimedios.com\/portal\/wp-json\/wp\/v2\/media?parent=3755"}],"wp:term":[{"taxonomy":"category","embeddable":true,"href":"https:\/\/girasolmultimedios.com\/portal\/wp-json\/wp\/v2\/categories?post=3755"},{"taxonomy":"post_tag","embeddable":true,"href":"https:\/\/girasolmultimedios.com\/portal\/wp-json\/wp\/v2\/tags?post=3755"}],"curies":[{"name":"wp","href":"https:\/\/api.w.org\/{rel}","templated":true}]}}