{"id":3758,"date":"2026-01-30T09:56:14","date_gmt":"2026-01-30T15:56:14","guid":{"rendered":"https:\/\/girasolmultimedios.com\/portal\/?p=3758"},"modified":"2026-01-30T09:56:15","modified_gmt":"2026-01-30T15:56:15","slug":"acribillan-a-dos-primos-en-la-aldea-el-dorado-santa-barbara","status":"publish","type":"post","link":"https:\/\/girasolmultimedios.com\/portal\/acribillan-a-dos-primos-en-la-aldea-el-dorado-santa-barbara\/","title":{"rendered":"Acribillan a dos primos en la aldea El Dorado, Santa B\u00e1rbara"},"content":{"rendered":"\n<p>Dos j\u00f3venes primos fueron asesinados la noche de este jueves tras recibir m\u00faltiples impactos de bala en la aldea El Dorado, ubicada en el sector monta\u00f1oso del departamento de Santa B\u00e1rbara.<\/p>\n\n\n\n<p>El hecho violento ocurri\u00f3 en la calle principal de la comunidad, donde vecinos reportaron haber escuchado varias detonaciones de arma de fuego en horas de la noche.<\/p>\n\n\n\n<p>Seg\u00fan informaci\u00f3n preliminar de testigos, las v\u00edctimas fueron atacadas por desconocidos mientras se encontraban en la v\u00eda p\u00fablica.<\/p>\n\n\n\n<p>Hasta el momento, las autoridades no han revelado las identidades de las v\u00edctimas ni las posibles causas o motivaciones del crimen.<\/p>\n\n\n\n<p>Elementos de la Direcci\u00f3n Policial de Investigaciones (DPI) y la Polic\u00eda Preventiva se encuentran en el lugar realizando las primeras diligencias, levantamiento de evidencias y recolecci\u00f3n de testimonios para esclarecer los hechos.<\/p>\n\n\n\n<p>Este nuevo hecho de violencia se suma a la preocupante ola de homicidios que afecta diversas zonas rurales del departamento de Santa B\u00e1rbara en los \u00faltimos meses.<\/p>\n\n\n\n<p>Las autoridades hacen un llamado a la poblaci\u00f3n para que, de contar con informaci\u00f3n relevante sobre el caso, la aporten de manera confidencial a trav\u00e9s de las l\u00edneas de denuncia 911 o al Sistema de Emergencias 911.<\/p>\n","protected":false},"excerpt":{"rendered":"<p>Dos j\u00f3venes primos fueron asesinados la noche de este jueves tras recibir m\u00faltiples impactos de bala en la aldea El Dorado, ubicada en el sector monta\u00f1oso del departamento de Santa B\u00e1rbara. El hecho violento ocurri\u00f3 en la calle principal de la comunidad, donde vecinos reportaron haber escuchado varias detonaciones de arma de fuego en horas [&hellip;]<\/p>\n","protected":false},"author":2,"featured_media":3759,"comment_status":"closed","ping_status":"open","sticky":false,"template":"","format":"standard","meta":{"_seopress_robots_primary_cat":"","_seopress_titles_title":"","_seopress_titles_desc":"","_seopress_robots_index":"","footnotes":""},"categories":[1],"tags":[],"class_list":["post-3758","post","type-post","status-publish","format-standard","has-post-thumbnail","hentry","category-sin-categoria"],"_links":{"self":[{"href":"https:\/\/girasolmultimedios.com\/portal\/wp-json\/wp\/v2\/posts\/3758","targetHints":{"allow":["GET"]}}],"collection":[{"href":"https:\/\/girasolmultimedios.com\/portal\/wp-json\/wp\/v2\/posts"}],"about":[{"href":"https:\/\/girasolmultimedios.com\/portal\/wp-json\/wp\/v2\/types\/post"}],"author":[{"embeddable":true,"href":"https:\/\/girasolmultimedios.com\/portal\/wp-json\/wp\/v2\/users\/2"}],"replies":[{"embeddable":true,"href":"https:\/\/girasolmultimedios.com\/portal\/wp-json\/wp\/v2\/comments?post=3758"}],"version-history":[{"count":1,"href":"https:\/\/girasolmultimedios.com\/portal\/wp-json\/wp\/v2\/posts\/3758\/revisions"}],"predecessor-version":[{"id":3760,"href":"https:\/\/girasolmultimedios.com\/portal\/wp-json\/wp\/v2\/posts\/3758\/revisions\/3760"}],"wp:featuredmedia":[{"embeddable":true,"href":"https:\/\/girasolmultimedios.com\/portal\/wp-json\/wp\/v2\/media\/3759"}],"wp:attachment":[{"href":"https:\/\/girasolmultimedios.com\/portal\/wp-json\/wp\/v2\/media?parent=3758"}],"wp:term":[{"taxonomy":"category","embeddable":true,"href":"https:\/\/girasolmultimedios.com\/portal\/wp-json\/wp\/v2\/categories?post=3758"},{"taxonomy":"post_tag","embeddable":true,"href":"https:\/\/girasolmultimedios.com\/portal\/wp-json\/wp\/v2\/tags?post=3758"}],"curies":[{"name":"wp","href":"https:\/\/api.w.org\/{rel}","templated":true}]}}