{"id":3767,"date":"2026-01-30T10:00:36","date_gmt":"2026-01-30T16:00:36","guid":{"rendered":"https:\/\/girasolmultimedios.com\/portal\/?p=3767"},"modified":"2026-01-30T10:00:37","modified_gmt":"2026-01-30T16:00:37","slug":"muere-conductor-tras-chocar-camion-cargado-de-lacteos-en-carretera-a-olancho","status":"publish","type":"post","link":"https:\/\/girasolmultimedios.com\/portal\/muere-conductor-tras-chocar-camion-cargado-de-lacteos-en-carretera-a-olancho\/","title":{"rendered":"Muere conductor tras chocar cami\u00f3n cargado de l\u00e1cteos en carretera a Olancho"},"content":{"rendered":"\n<p>Un hombre perdi\u00f3 la vida la ma\u00f1ana de este viernes en un accidente de tr\u00e1nsito registrado en la carretera que conecta el departamento de Olancho con\u00a0Tegucigalpa, a la altura del kil\u00f3metro 32, seg\u00fan informaron autoridades.<\/p>\n\n\n\n<p>La v\u00edctima se conduc\u00eda en un camioncito de carga que transportaba productos l\u00e1cteos cuando ocurri\u00f3 el percance vial.<\/p>\n\n\n\n<p>De acuerdo con informaci\u00f3n preliminar, el conductor habr\u00eda perdido el control del veh\u00edculo tras quedarse dormido al volante, impactando contra una rastra que se encontraba estacionada a un costado de la v\u00eda. A ra\u00edz del fuerte choque, la cabina del cami\u00f3n qued\u00f3 severamente da\u00f1ada y el conductor falleci\u00f3 en el lugar.<\/p>\n\n\n\n<p>Elementos del Cuerpo de Bomberos realizaron labores de rescate para recuperar el cuerpo, mientras que personal de Medicina Forense y el fiscal de turno efectuaron el levantamiento legal correspondiente.<\/p>\n\n\n\n<p>Posteriormente, el cad\u00e1ver fue trasladado a la morgue de Tegucigalpa, donde se le practicar\u00e1 la autopsia de ley y se llevar\u00e1 a cabo el proceso de identificaci\u00f3n oficial.<\/p>\n\n\n\n<p>Las autoridades recordaron a los conductores la importancia de respetar las normas de tr\u00e1nsito y evitar manejar en condiciones de cansancio para prevenir este tipo de tragedias.<\/p>\n","protected":false},"excerpt":{"rendered":"<p>Un hombre perdi\u00f3 la vida la ma\u00f1ana de este viernes en un accidente de tr\u00e1nsito registrado en la carretera que conecta el departamento de Olancho con\u00a0Tegucigalpa, a la altura del kil\u00f3metro 32, seg\u00fan informaron autoridades. La v\u00edctima se conduc\u00eda en un camioncito de carga que transportaba productos l\u00e1cteos cuando ocurri\u00f3 el percance vial. De acuerdo [&hellip;]<\/p>\n","protected":false},"author":2,"featured_media":3768,"comment_status":"closed","ping_status":"open","sticky":false,"template":"","format":"standard","meta":{"_seopress_robots_primary_cat":"","_seopress_titles_title":"","_seopress_titles_desc":"","_seopress_robots_index":"","footnotes":""},"categories":[1],"tags":[],"class_list":["post-3767","post","type-post","status-publish","format-standard","has-post-thumbnail","hentry","category-sin-categoria"],"_links":{"self":[{"href":"https:\/\/girasolmultimedios.com\/portal\/wp-json\/wp\/v2\/posts\/3767","targetHints":{"allow":["GET"]}}],"collection":[{"href":"https:\/\/girasolmultimedios.com\/portal\/wp-json\/wp\/v2\/posts"}],"about":[{"href":"https:\/\/girasolmultimedios.com\/portal\/wp-json\/wp\/v2\/types\/post"}],"author":[{"embeddable":true,"href":"https:\/\/girasolmultimedios.com\/portal\/wp-json\/wp\/v2\/users\/2"}],"replies":[{"embeddable":true,"href":"https:\/\/girasolmultimedios.com\/portal\/wp-json\/wp\/v2\/comments?post=3767"}],"version-history":[{"count":1,"href":"https:\/\/girasolmultimedios.com\/portal\/wp-json\/wp\/v2\/posts\/3767\/revisions"}],"predecessor-version":[{"id":3769,"href":"https:\/\/girasolmultimedios.com\/portal\/wp-json\/wp\/v2\/posts\/3767\/revisions\/3769"}],"wp:featuredmedia":[{"embeddable":true,"href":"https:\/\/girasolmultimedios.com\/portal\/wp-json\/wp\/v2\/media\/3768"}],"wp:attachment":[{"href":"https:\/\/girasolmultimedios.com\/portal\/wp-json\/wp\/v2\/media?parent=3767"}],"wp:term":[{"taxonomy":"category","embeddable":true,"href":"https:\/\/girasolmultimedios.com\/portal\/wp-json\/wp\/v2\/categories?post=3767"},{"taxonomy":"post_tag","embeddable":true,"href":"https:\/\/girasolmultimedios.com\/portal\/wp-json\/wp\/v2\/tags?post=3767"}],"curies":[{"name":"wp","href":"https:\/\/api.w.org\/{rel}","templated":true}]}}