{"id":3770,"date":"2026-01-30T10:03:06","date_gmt":"2026-01-30T16:03:06","guid":{"rendered":"https:\/\/girasolmultimedios.com\/portal\/?p=3770"},"modified":"2026-01-30T10:03:07","modified_gmt":"2026-01-30T16:03:07","slug":"desarticulan-celula-de-peligrosos-miembros-de-la-pandilla-18-en-chamelecon","status":"publish","type":"post","link":"https:\/\/girasolmultimedios.com\/portal\/desarticulan-celula-de-peligrosos-miembros-de-la-pandilla-18-en-chamelecon\/","title":{"rendered":"Desarticulan c\u00e9lula de peligrosos miembros de la Pandilla 18 en Chamelec\u00f3n"},"content":{"rendered":"\n<p>En un operativo contundente contra el accionar de estructuras criminales, agentes de la Direcci\u00f3n Policial Anti Maras y Pandillas Contra el Crimen Organizado ( DIPAMPCO), lograron la captura de cinco peligrosos miembros de la Pandilla 18 en la colonia Suyapa del sector Chamelec\u00f3n en San Pedro Sula, Cort\u00e9s.<\/p>\n\n\n\n<p>El despliegue cont\u00f3 con el respaldo de la Direcci\u00f3n de Inteligencia Policial (DIPOL), y la Direcci\u00f3n Nacional de Prevenci\u00f3n y Seguridad Comunitaria (DNPSC) de la Unidad Metropolitana de Prevenci\u00f3n (UMEP-6).<\/p>\n\n\n\n<p>Los detenidos han sido identificados con los alias de \u00abColocho\/Flaco\u00bb, considerado \u00abHommie\u00bb, cabecilla de sector para la estructura delictiva Pandia 18. Este cuenta con antecedentes penales detenido en dos ocasiones: el 24 de enero del 2025, en la colonia San Isidro, sector Chamelec\u00f3n, por el delito de tr\u00e1fico de drogas y el 21 de marzo del 2025, en la colonia Suyapa, sector Chamelec\u00f3n, por el delito de tr\u00e1fico de drogas y portaci\u00f3n Ilegal de armas.<\/p>\n\n\n\n<p>Un segundo detenido es se\u00f1alado como alias \u00abMaldad\u00bb, de 30 a\u00f1os, considerado \u00abHommie\u00bb dentro de la Pandilla y tambi\u00e9n hab\u00eda sido requerido en ocasiones anteriores, el 08 de mayo del 2013, por el delito de portaci\u00f3n ilegal de armas y en octubre del 2015, Extorsi\u00f3n.<\/p>\n\n\n\n<p>Entre las detenciones figuran tres menores de edad quienes en la Pandilla 18 son conocidos con los alias \u00abEl Chele\u00bb, Paisa firme, detenido el 25 de julio del 2025, en Yoro, Yoro, por el delito de tr\u00e1fico de drogas y portaci\u00f3n ilegal de armas.<\/p>\n\n\n\n<p>Alias \u00abSami \/ Depredador\u00bb, de 16 a\u00f1os, es parte tambi\u00e9n de este grupo delictivo, siendo un \u00faltimo aprehendido se\u00f1alado con el alias de \u00abNi\u00f1o\/ Tazmania\u00bb, detenido en tres ocasiones: el 11 de septiembre del 2025, en la aldea La Cuesta, y Las Pavas en Francisco Moraz\u00e1n, por el delito de tr\u00e1fico de drogas, y el 20 de noviembre del 2024, en la colonia Pradera, La Ceiba, Atl\u00e1ntida, por el delito de Tr\u00e1fico de Droga y Portaci\u00f3n Ilegal de Armas.<\/p>\n\n\n\n<p>La magnitud del decomiso refleja el nivel de fuego que esta c\u00e9lula manten\u00eda en el sector, siendo \u00e9stas dos AR-15, un AK-47, tres pistolas, armas qu\u00e9 ser\u00e1n remitidas a la Direcci\u00f3n Policial de Investigaciones (DPI), para establecer v\u00ednculos entre los detenidos y los hechos violentos en el Valle de Sula.<\/p>\n\n\n\n<p>Como golpe al microtr\u00e1fico fueron incautados un cargamento fraccionado de sustancias il\u00edcitas: 17 bolsitas pl\u00e1sticas conteniendo en su interior polvo blanco supuesta coca\u00edna, 48 bolsas conteniendo piedra blanca supuesta supuesto crack, 38 bolsas pl\u00e1stica conteniendo en su interior hierba seca supuesta marihuana y tres tel\u00e9fonos celulares.<\/p>\n\n\n\n<p>Por suponerlo responsables de los delitos e infracciones penales de asociaci\u00f3n para delinquir agravado, porte ilegal de arma de fuego de uso prohibido, porte ilegal de arma de fuego de uso permitido, porte ilegal de munici\u00f3n de uso prohibido y tr\u00e1fico de drogas.<\/p>\n\n\n\n<p>Esta operaci\u00f3n no es solo un arresto m\u00e1s; es un mensaje contundente de las autoridades hacia las estructuras criminales que pretenden sitiar San Pedro Sula. DIPAMPCO ha cortado una arteria vital de la Pandilla 18 en Chamelec\u00f3n<\/p>\n","protected":false},"excerpt":{"rendered":"<p>En un operativo contundente contra el accionar de estructuras criminales, agentes de la Direcci\u00f3n Policial Anti Maras y Pandillas Contra el Crimen Organizado ( DIPAMPCO), lograron la captura de cinco peligrosos miembros de la Pandilla 18 en la colonia Suyapa del sector Chamelec\u00f3n en San Pedro Sula, Cort\u00e9s. El despliegue cont\u00f3 con el respaldo de [&hellip;]<\/p>\n","protected":false},"author":2,"featured_media":3771,"comment_status":"closed","ping_status":"open","sticky":false,"template":"","format":"standard","meta":{"_seopress_robots_primary_cat":"","_seopress_titles_title":"","_seopress_titles_desc":"","_seopress_robots_index":"","footnotes":""},"categories":[1],"tags":[],"class_list":["post-3770","post","type-post","status-publish","format-standard","has-post-thumbnail","hentry","category-sin-categoria"],"_links":{"self":[{"href":"https:\/\/girasolmultimedios.com\/portal\/wp-json\/wp\/v2\/posts\/3770","targetHints":{"allow":["GET"]}}],"collection":[{"href":"https:\/\/girasolmultimedios.com\/portal\/wp-json\/wp\/v2\/posts"}],"about":[{"href":"https:\/\/girasolmultimedios.com\/portal\/wp-json\/wp\/v2\/types\/post"}],"author":[{"embeddable":true,"href":"https:\/\/girasolmultimedios.com\/portal\/wp-json\/wp\/v2\/users\/2"}],"replies":[{"embeddable":true,"href":"https:\/\/girasolmultimedios.com\/portal\/wp-json\/wp\/v2\/comments?post=3770"}],"version-history":[{"count":1,"href":"https:\/\/girasolmultimedios.com\/portal\/wp-json\/wp\/v2\/posts\/3770\/revisions"}],"predecessor-version":[{"id":3772,"href":"https:\/\/girasolmultimedios.com\/portal\/wp-json\/wp\/v2\/posts\/3770\/revisions\/3772"}],"wp:featuredmedia":[{"embeddable":true,"href":"https:\/\/girasolmultimedios.com\/portal\/wp-json\/wp\/v2\/media\/3771"}],"wp:attachment":[{"href":"https:\/\/girasolmultimedios.com\/portal\/wp-json\/wp\/v2\/media?parent=3770"}],"wp:term":[{"taxonomy":"category","embeddable":true,"href":"https:\/\/girasolmultimedios.com\/portal\/wp-json\/wp\/v2\/categories?post=3770"},{"taxonomy":"post_tag","embeddable":true,"href":"https:\/\/girasolmultimedios.com\/portal\/wp-json\/wp\/v2\/tags?post=3770"}],"curies":[{"name":"wp","href":"https:\/\/api.w.org\/{rel}","templated":true}]}}