{"id":3773,"date":"2026-01-30T10:04:49","date_gmt":"2026-01-30T16:04:49","guid":{"rendered":"https:\/\/girasolmultimedios.com\/portal\/?p=3773"},"modified":"2026-01-30T10:04:49","modified_gmt":"2026-01-30T16:04:49","slug":"trump-dice-que-cuba-no-podra-sobrevivir-tras-ordenar-nuevas-sanciones","status":"publish","type":"post","link":"https:\/\/girasolmultimedios.com\/portal\/trump-dice-que-cuba-no-podra-sobrevivir-tras-ordenar-nuevas-sanciones\/","title":{"rendered":"Trump dice que \u00abCuba no podr\u00e1 sobrevivir\u00bb tras ordenar nuevas sanciones"},"content":{"rendered":"\n<p>El presidente de\u00a0Estados Unidos, Donald Trump, afirm\u00f3 este jueves que \u00abCuba no podr\u00e1 sobrevivir\u00bb, tras ordenar la imposici\u00f3n de aranceles a los pa\u00edses que vendan petr\u00f3leo a la isla.<\/p>\n\n\n\n<p>\u00abParece que no podr\u00e1 sobrevivir. Cuba no podr\u00e1 sobrevivir\u00bb, declar\u00f3 el mandatario a la prensa durante la presentaci\u00f3n del documental de la primera dama estadounidense, Melania Trump.<\/p>\n\n\n\n<p>El presidente fue preguntado sobre si est\u00e1 intentando \u00abahogar\u00bb a Cuba, ante lo que respondi\u00f3 que esa palabra es \u00abmuy dura\u00bb, pero asegur\u00f3 que el pa\u00eds caribe\u00f1o es \u00abuna naci\u00f3n fallida\u00bb.<\/p>\n\n\n\n<p>\u00abHay que sentirse mal por Cuba porque han tratado muy mal a la gente. Tenemos muchos cubanoestadounidenses que fueron tratados muy mal y les gustar\u00eda volver\u00bb, declar\u00f3.<\/p>\n\n\n\n<p>Trump dio estas declaraciones horas despu\u00e9s de firmar una orden ejecutiva para imponer aranceles a los pa\u00edses que suministren petr\u00f3leo a Cuba, en un intento de agudizar la crisis en la isla que ya fue agravada por el corte en el env\u00edo de crudo venezolano tras el derrocamiento de Nicol\u00e1s Maduro.<\/p>\n\n\n\n<p>\u00abConsidero que la situaci\u00f3n con respecto a Cuba constituye una amenaza inusual y extraordinaria para la seguridad nacional y la pol\u00edtica exterior de EE.UU., y por la presente declaro una emergencia nacional con respecto a esa amenaza\u00bb, argument\u00f3 el mandatario en la orden ejecutiva.<\/p>\n\n\n\n<p>Trump ha sostenido con anterioridad que el Gobierno cubano tiene los d\u00edas contados desde el ataque de Estados Unidos a Venezuela del pasado 3 de noviembre, que se sald\u00f3 con la captura de Maduro y de su esposa, Cilia Flores, quienes ahora enfrentan cargos por narcotr\u00e1fico en Nueva York.<\/p>\n\n\n\n<p>Washington considera que el fin del env\u00edo de crudo venezolano a la isla provocar\u00e1 un cambio de r\u00e9gimen en Cuba, pa\u00eds afectado por una grave crisis econ\u00f3mica y social.<\/p>\n\n\n\n<p>La Habana conden\u00f3 la intervenci\u00f3n en Caracas como un \u00abacto de terrorismo\u00bb, advirti\u00f3 a Estados Unidos de que no tolerar\u00e1 intimidaciones ni amenazas y subray\u00f3 que no habr\u00e1 entendimiento posible ni negociaci\u00f3n bajo \u00abcoerci\u00f3n\u00bb. No obstante, expres\u00f3 su disposici\u00f3n a mantener un di\u00e1logo basado en la \u00abigualdad y el respeto\u00bb.<\/p>\n","protected":false},"excerpt":{"rendered":"<p>El presidente de\u00a0Estados Unidos, Donald Trump, afirm\u00f3 este jueves que \u00abCuba no podr\u00e1 sobrevivir\u00bb, tras ordenar la imposici\u00f3n de aranceles a los pa\u00edses que vendan petr\u00f3leo a la isla. \u00abParece que no podr\u00e1 sobrevivir. Cuba no podr\u00e1 sobrevivir\u00bb, declar\u00f3 el mandatario a la prensa durante la presentaci\u00f3n del documental de la primera dama estadounidense, Melania [&hellip;]<\/p>\n","protected":false},"author":2,"featured_media":3774,"comment_status":"closed","ping_status":"open","sticky":false,"template":"","format":"standard","meta":{"_seopress_robots_primary_cat":"","_seopress_titles_title":"","_seopress_titles_desc":"","_seopress_robots_index":"","footnotes":""},"categories":[1],"tags":[],"class_list":["post-3773","post","type-post","status-publish","format-standard","has-post-thumbnail","hentry","category-sin-categoria"],"_links":{"self":[{"href":"https:\/\/girasolmultimedios.com\/portal\/wp-json\/wp\/v2\/posts\/3773","targetHints":{"allow":["GET"]}}],"collection":[{"href":"https:\/\/girasolmultimedios.com\/portal\/wp-json\/wp\/v2\/posts"}],"about":[{"href":"https:\/\/girasolmultimedios.com\/portal\/wp-json\/wp\/v2\/types\/post"}],"author":[{"embeddable":true,"href":"https:\/\/girasolmultimedios.com\/portal\/wp-json\/wp\/v2\/users\/2"}],"replies":[{"embeddable":true,"href":"https:\/\/girasolmultimedios.com\/portal\/wp-json\/wp\/v2\/comments?post=3773"}],"version-history":[{"count":1,"href":"https:\/\/girasolmultimedios.com\/portal\/wp-json\/wp\/v2\/posts\/3773\/revisions"}],"predecessor-version":[{"id":3775,"href":"https:\/\/girasolmultimedios.com\/portal\/wp-json\/wp\/v2\/posts\/3773\/revisions\/3775"}],"wp:featuredmedia":[{"embeddable":true,"href":"https:\/\/girasolmultimedios.com\/portal\/wp-json\/wp\/v2\/media\/3774"}],"wp:attachment":[{"href":"https:\/\/girasolmultimedios.com\/portal\/wp-json\/wp\/v2\/media?parent=3773"}],"wp:term":[{"taxonomy":"category","embeddable":true,"href":"https:\/\/girasolmultimedios.com\/portal\/wp-json\/wp\/v2\/categories?post=3773"},{"taxonomy":"post_tag","embeddable":true,"href":"https:\/\/girasolmultimedios.com\/portal\/wp-json\/wp\/v2\/tags?post=3773"}],"curies":[{"name":"wp","href":"https:\/\/api.w.org\/{rel}","templated":true}]}}