{"id":3776,"date":"2026-01-30T10:06:28","date_gmt":"2026-01-30T16:06:28","guid":{"rendered":"https:\/\/girasolmultimedios.com\/portal\/?p=3776"},"modified":"2026-01-30T10:06:28","modified_gmt":"2026-01-30T16:06:28","slug":"gobierno-activa-subsidios-transferencias-y-maquinaria-para-enfrentar-emergencia-por-inundaciones-en-tela","status":"publish","type":"post","link":"https:\/\/girasolmultimedios.com\/portal\/gobierno-activa-subsidios-transferencias-y-maquinaria-para-enfrentar-emergencia-por-inundaciones-en-tela\/","title":{"rendered":"Gobierno activa subsidios, transferencias y maquinaria para enfrentar emergencia por inundaciones en Tela"},"content":{"rendered":"\n<p>Las fuertes lluvias registradas en los \u00faltimos d\u00edas provocaron inundaciones severas en el municipio de Tela, dejando da\u00f1os considerables en infraestructura vial, comunidades incomunicadas y decenas de familias afectadas. Ante la magnitud de la emergencia, la Alcald\u00eda Municipal solicit\u00f3 formalmente la intervenci\u00f3n del Gobierno central, que ya activ\u00f3 subsidios, apoyo log\u00edstico y asistencia financiera para atender la crisis.<\/p>\n\n\n\n<p>El alcalde de Tela, Ricardo C\u00e1lix, confirm\u00f3 que ha sostenido comunicaci\u00f3n directa con autoridades del Ejecutivo, quienes se comprometieron a respaldar al municipio, especialmente en el \u00e1rea de infraestructura, uno de los rubros m\u00e1s golpeados por las lluvias. \u201cEn alimentaci\u00f3n, agua y medicamentos hemos logrado responder de manera inmediata con recursos municipales, pero en infraestructura no tenemos la capacidad para enfrentar solos el da\u00f1o que ha quedado\u201d, explic\u00f3.<\/p>\n\n\n\n<p>De acuerdo con el edil, las zonas m\u00e1s afectadas se concentran en sectores como Mari\u00f3n, Villafranca y comunidades rurales cercanas, donde se han distribuido raciones alimentarias y agua potable. Sin embargo, varios accesos permanecen da\u00f1ados o intransitables, lo que dificulta el traslado de personas, productos agr\u00edcolas y asistencia humanitaria.<\/p>\n\n\n\n<p><strong>APOYO DEL EJECUTIVO Y&nbsp;<\/strong><strong>TRANSFERENCIAS PENDIENTES<\/strong><\/p>\n\n\n\n<p>Desde el Gobierno Central, a trav\u00e9s del ministro de la Presidencia, Juan Carlos Garc\u00eda, se manifest\u00f3 la voluntad del Presidente Nasry Asfura de intervenir de manera directa para restablecer la conectividad y atender las necesidades urgentes de la poblaci\u00f3n. El Ejecutivo ofreci\u00f3 el env\u00edo de maquinaria pesada para habilitar pasos da\u00f1ados y apoyar la rehabilitaci\u00f3n de carreteras y bordos.<\/p>\n\n\n\n<p>El alcalde tambi\u00e9n inform\u00f3 que la municipalidad arrastra una deuda superior a los 14 millones de lempiras en transferencias estatales, pero que, tras gestiones con diputados del departamento y con el presidente del Congreso Nacional, se les asegur\u00f3 que los fondos ser\u00e1n enviados de forma expedita para fortalecer la respuesta local.<\/p>\n\n\n\n<p><strong>COORDINACI\u00d3N CON&nbsp;<\/strong><strong>ORGANISMOS DE EMERGENCIA<\/strong><\/p>\n\n\n\n<p>Como parte del plan de acci\u00f3n, la Alcald\u00eda activ\u00f3 al Comit\u00e9 de Emergencia Municipal (CODEM) y sostuvo sesiones extraordinarias para definir prioridades. Entre las acciones inmediatas figuran la entrega de colchonetas, alimentos y atenci\u00f3n m\u00e9dica, as\u00ed como la evaluaci\u00f3n t\u00e9cnica de zonas cr\u00edticas para iniciar trabajos con maquinaria una vez disminuyan las lluvias.<\/p>\n\n\n\n<p>Fuentes de la Comisi\u00f3n Permanente de Contingencias (Copeco) se\u00f1alaron que se mantiene monitoreo constante en el litoral atl\u00e1ntico, ante la posibilidad de nuevas precipitaciones asociadas a sistemas de baja presi\u00f3n. Las autoridades locales no descartan que la emergencia se extienda hasta la primera quincena de febrero, por lo que se trabaja en un plan de contingencia de mediano plazo.<\/p>\n\n\n\n<p><strong>RIESGOS SANITARIOS Y&nbsp;<\/strong><strong>LIMPIEZA URBANA<\/strong><\/p>\n\n\n\n<p>Aunque hasta el momento no se reportan p\u00e9rdidas humanas, el alcalde advirti\u00f3 sobre posibles riesgos sanitarios posteriores a las inundaciones, especialmente en ni\u00f1os y adultos mayores. \u201cDespu\u00e9s de la emergencia viene el tema de salud, y ah\u00ed tenemos que actuar con rapidez para evitar brotes de enfermedades\u201d, se\u00f1al\u00f3.<\/p>\n\n\n\n<p>Asimismo, la municipalidad declar\u00f3 emergencia por acumulaci\u00f3n de basura en playas y zonas urbanas, una situaci\u00f3n que amenaza la imagen tur\u00edstica de Tela. Se anunci\u00f3 el despliegue de cuadrillas y equipo especial para limpiar las costas, consideradas uno de los principales atractivos econ\u00f3micos del municipio.<\/p>\n\n\n\n<p><strong>LLAMADO A LA CALMA&nbsp;<\/strong><strong>Y A LA PREVENCI\u00d3N<\/strong><\/p>\n\n\n\n<p>Finalmente, el alcalde hizo un llamado a la poblaci\u00f3n a mantener la calma y atender las recomendaciones de los cuerpos de socorro. Asegur\u00f3 que, con el apoyo del Gobierno Central, se espera restablecer en las pr\u00f3ximas horas los accesos m\u00e1s cr\u00edticos y mitigar el impacto de las inundaciones.<\/p>\n\n\n\n<p>\u201cLa ciudadan\u00eda debe saber que estamos trabajando fuerte. Con los subsidios, las transferencias y la maquinaria que ha ofrecido el Gobierno, vamos a enfrentar el da\u00f1o mayor, que es la infraestructura, y a proteger a nuestra gente\u201d, concluy\u00f3, al tiempo que inst\u00f3 a reforzar la planificaci\u00f3n preventiva ante futuros eventos clim\u00e1ticos en una zona altamente vulnerable como la costa norte.<\/p>\n","protected":false},"excerpt":{"rendered":"<p>Las fuertes lluvias registradas en los \u00faltimos d\u00edas provocaron inundaciones severas en el municipio de Tela, dejando da\u00f1os considerables en infraestructura vial, comunidades incomunicadas y decenas de familias afectadas. Ante la magnitud de la emergencia, la Alcald\u00eda Municipal solicit\u00f3 formalmente la intervenci\u00f3n del Gobierno central, que ya activ\u00f3 subsidios, apoyo log\u00edstico y asistencia financiera para [&hellip;]<\/p>\n","protected":false},"author":2,"featured_media":3777,"comment_status":"closed","ping_status":"open","sticky":false,"template":"","format":"standard","meta":{"_seopress_robots_primary_cat":"","_seopress_titles_title":"","_seopress_titles_desc":"","_seopress_robots_index":"","footnotes":""},"categories":[1],"tags":[],"class_list":["post-3776","post","type-post","status-publish","format-standard","has-post-thumbnail","hentry","category-sin-categoria"],"_links":{"self":[{"href":"https:\/\/girasolmultimedios.com\/portal\/wp-json\/wp\/v2\/posts\/3776","targetHints":{"allow":["GET"]}}],"collection":[{"href":"https:\/\/girasolmultimedios.com\/portal\/wp-json\/wp\/v2\/posts"}],"about":[{"href":"https:\/\/girasolmultimedios.com\/portal\/wp-json\/wp\/v2\/types\/post"}],"author":[{"embeddable":true,"href":"https:\/\/girasolmultimedios.com\/portal\/wp-json\/wp\/v2\/users\/2"}],"replies":[{"embeddable":true,"href":"https:\/\/girasolmultimedios.com\/portal\/wp-json\/wp\/v2\/comments?post=3776"}],"version-history":[{"count":1,"href":"https:\/\/girasolmultimedios.com\/portal\/wp-json\/wp\/v2\/posts\/3776\/revisions"}],"predecessor-version":[{"id":3778,"href":"https:\/\/girasolmultimedios.com\/portal\/wp-json\/wp\/v2\/posts\/3776\/revisions\/3778"}],"wp:featuredmedia":[{"embeddable":true,"href":"https:\/\/girasolmultimedios.com\/portal\/wp-json\/wp\/v2\/media\/3777"}],"wp:attachment":[{"href":"https:\/\/girasolmultimedios.com\/portal\/wp-json\/wp\/v2\/media?parent=3776"}],"wp:term":[{"taxonomy":"category","embeddable":true,"href":"https:\/\/girasolmultimedios.com\/portal\/wp-json\/wp\/v2\/categories?post=3776"},{"taxonomy":"post_tag","embeddable":true,"href":"https:\/\/girasolmultimedios.com\/portal\/wp-json\/wp\/v2\/tags?post=3776"}],"curies":[{"name":"wp","href":"https:\/\/api.w.org\/{rel}","templated":true}]}}