{"id":3782,"date":"2026-01-30T10:09:55","date_gmt":"2026-01-30T16:09:55","guid":{"rendered":"https:\/\/girasolmultimedios.com\/portal\/?p=3782"},"modified":"2026-01-30T10:09:55","modified_gmt":"2026-01-30T16:09:55","slug":"en-marcha-medidas-inmediatas-de-rescate-del-sistema-sanitario","status":"publish","type":"post","link":"https:\/\/girasolmultimedios.com\/portal\/en-marcha-medidas-inmediatas-de-rescate-del-sistema-sanitario\/","title":{"rendered":"En marcha medidas inmediatas de rescate del sistema sanitario"},"content":{"rendered":"\n<p>Con el fin de garantizar decisiones prontas, oportunas y eficientes al pueblo hondure\u00f1o, el Presidente Nasry Asfura ha decidido asumir de manera directa la conducci\u00f3n estrat\u00e9gica del sistema nacional de salud, ya que para \u00e9l \u201cla salud del pueblo hondure\u00f1o es una prioridad absoluta\u201d, inform\u00f3 la designada presidencial, Mar\u00eda Antonieta Mej\u00eda.<\/p>\n\n\n\n<p>\u201cCuando un presidente se preocupa por la salud de un pueblo, es \u00e9l el que toma las riendas y eso significa que no hay m\u00e1s all\u00e1 del Presidente, o sea, las decisiones van a ser prontas, oportunas y eficientes\u201d, destac\u00f3 Mej\u00eda.<\/p>\n\n\n\n<p>Enfatiz\u00f3 que al mandatario \u201choy lo vamos a tener en primera l\u00ednea, entonces significa que el sistema de salud va a ser m\u00e1s expedito\u201d.<\/p>\n\n\n\n<p>Mej\u00eda record\u00f3 que \u201choy por hoy tenemos una crisis, una crisis de cuatro a\u00f1os que no ha sido abordada, ha sido abandonado el tema de salud, y el tema de medicamentos\u2026\u201d.<\/p>\n\n\n\n<p>\u201c\u2026cuando se tom\u00f3 la decisi\u00f3n del gobierno anterior, de derogar el fideicomiso, trajo mucho caos en cuanto a escasez de medicinas\u201d, y eso es algo que se debe solucionar de inmediato, indic\u00f3.<\/p>\n\n\n\n<p>La funcionaria exterioriz\u00f3 que enviaron un proyecto de ley en el que se empez\u00f3 a trabajar desde mucho tiempo atr\u00e1s, antes de la toma de posesi\u00f3n, y en el que se detalla la crisis sanitaria.<\/p>\n\n\n\n<p>Adem\u00e1s, indic\u00f3 que la derogaci\u00f3n del fideicomiso para la compra de medicamentos, aprobada en el gobierno anterior, gener\u00f3 escasez y desorden que hoy afectan de manera grave a la poblaci\u00f3n.<\/p>\n\n\n\n<p>Mej\u00eda se\u00f1al\u00f3 que, ante este panorama, el gobierno del Presidente Asfura ha remitido al Congreso Nacional (CN) un proyecto de ley que contempla medidas excepcionales y temporales para atender la emergencia sanitaria, mientras se avanza en el fortalecimiento estructural del sistema de salud, con el objetivo de brindar soluciones inmediatas y reales al pueblo hondure\u00f1o.<\/p>\n\n\n\n<p>La designada presidencial subray\u00f3 que se espera con urgencia la aprobaci\u00f3n del decreto correspondiente por parte del CN, el cual brindar\u00e1 la seguridad jur\u00eddica necesaria para actuar con rendici\u00f3n de cuentas. Tambi\u00e9n har\u00e1 posible restablecer el fideicomiso de medicamentos, permitiendo as\u00ed la participaci\u00f3n de todas las farmacias que cumplan con la normativa legal.<\/p>\n\n\n\n<p>En el Sistema de Salud p\u00fablico del pa\u00eds, seg\u00fan dijo Mej\u00eda, se necesita m\u00e1s personal t\u00e9cnico y m\u00e9dico, \u201cya no m\u00e1s, personal administrativo\u201d.<\/p>\n\n\n\n<p>\u201cOcupamos m\u00e1s m\u00e9dicos, enfermeras, t\u00e9cnicos, laboratoristas, m\u00e1s rayos X, debemos dotar del personal capacitado competente en la materia de salud, ya no m\u00e1s personal administrativo\u201d, advirti\u00f3.<br>A\u00f1adi\u00f3 que \u201cel Presidente est\u00e1 tomando las riendas del tema de salud y es necesario decirles que las decisiones ser\u00e1n prontas y oportunas\u201d.<\/p>\n\n\n\n<p>\u201cTenemos que ser un gobierno consciente y nuestro punto de dolor est\u00e1 en la salud del pueblo hondure\u00f1o y en ese sector vamos a dar respuesta\u201d, asever\u00f3.<\/p>\n","protected":false},"excerpt":{"rendered":"<p>Con el fin de garantizar decisiones prontas, oportunas y eficientes al pueblo hondure\u00f1o, el Presidente Nasry Asfura ha decidido asumir de manera directa la conducci\u00f3n estrat\u00e9gica del sistema nacional de salud, ya que para \u00e9l \u201cla salud del pueblo hondure\u00f1o es una prioridad absoluta\u201d, inform\u00f3 la designada presidencial, Mar\u00eda Antonieta Mej\u00eda. \u201cCuando un presidente se [&hellip;]<\/p>\n","protected":false},"author":2,"featured_media":3783,"comment_status":"closed","ping_status":"open","sticky":false,"template":"","format":"standard","meta":{"_seopress_robots_primary_cat":"","_seopress_titles_title":"","_seopress_titles_desc":"","_seopress_robots_index":"","footnotes":""},"categories":[1],"tags":[],"class_list":["post-3782","post","type-post","status-publish","format-standard","has-post-thumbnail","hentry","category-sin-categoria"],"_links":{"self":[{"href":"https:\/\/girasolmultimedios.com\/portal\/wp-json\/wp\/v2\/posts\/3782","targetHints":{"allow":["GET"]}}],"collection":[{"href":"https:\/\/girasolmultimedios.com\/portal\/wp-json\/wp\/v2\/posts"}],"about":[{"href":"https:\/\/girasolmultimedios.com\/portal\/wp-json\/wp\/v2\/types\/post"}],"author":[{"embeddable":true,"href":"https:\/\/girasolmultimedios.com\/portal\/wp-json\/wp\/v2\/users\/2"}],"replies":[{"embeddable":true,"href":"https:\/\/girasolmultimedios.com\/portal\/wp-json\/wp\/v2\/comments?post=3782"}],"version-history":[{"count":1,"href":"https:\/\/girasolmultimedios.com\/portal\/wp-json\/wp\/v2\/posts\/3782\/revisions"}],"predecessor-version":[{"id":3784,"href":"https:\/\/girasolmultimedios.com\/portal\/wp-json\/wp\/v2\/posts\/3782\/revisions\/3784"}],"wp:featuredmedia":[{"embeddable":true,"href":"https:\/\/girasolmultimedios.com\/portal\/wp-json\/wp\/v2\/media\/3783"}],"wp:attachment":[{"href":"https:\/\/girasolmultimedios.com\/portal\/wp-json\/wp\/v2\/media?parent=3782"}],"wp:term":[{"taxonomy":"category","embeddable":true,"href":"https:\/\/girasolmultimedios.com\/portal\/wp-json\/wp\/v2\/categories?post=3782"},{"taxonomy":"post_tag","embeddable":true,"href":"https:\/\/girasolmultimedios.com\/portal\/wp-json\/wp\/v2\/tags?post=3782"}],"curies":[{"name":"wp","href":"https:\/\/api.w.org\/{rel}","templated":true}]}}