{"id":3785,"date":"2026-01-30T10:11:34","date_gmt":"2026-01-30T16:11:34","guid":{"rendered":"https:\/\/girasolmultimedios.com\/portal\/?p=3785"},"modified":"2026-01-30T10:11:34","modified_gmt":"2026-01-30T16:11:34","slug":"juan-diego-zelaya-arranca-con-una-agenda-de-orden-movilidad-urbana-y-recuperacion-de-espacios-publicos","status":"publish","type":"post","link":"https:\/\/girasolmultimedios.com\/portal\/juan-diego-zelaya-arranca-con-una-agenda-de-orden-movilidad-urbana-y-recuperacion-de-espacios-publicos\/","title":{"rendered":"Juan Diego Zelaya arranca con una agenda de orden, movilidad urbana y recuperaci\u00f3n de espacios p\u00fablicos"},"content":{"rendered":"\n<p>En los primeros tres d\u00edas de gesti\u00f3n al frente de la Alcald\u00eda del Distrito Central, el alcalde Juan Diego Zelaya ha puesto en marcha una agenda de trabajo continua y ejecutiva que evidencia a una gesti\u00f3n en acci\u00f3n, enfocada en el orden, la movilidad urbana y la recuperaci\u00f3n de espacios p\u00fablicos, con la visi\u00f3n de avanzar hacia una capital ejemplar para los capitalinos.<\/p>\n\n\n\n<p>Desde el inicio de la administraci\u00f3n municipal, se activaron acciones inmediatas orientadas a mejorar la din\u00e1mica urbana y atender problem\u00e1ticas hist\u00f3ricas que afectan la calidad de vida de la ciudadan\u00eda. Entre las primeras intervenciones se encuentra la implementaci\u00f3n de un operativo de movilidad urbana, dise\u00f1ado para agilizar el flujo vehicular en los puntos de mayor congesti\u00f3n del anillo perif\u00e9rico y otras v\u00edas estrat\u00e9gicas del Distrito Central.<\/p>\n\n\n\n<p>De forma simult\u00e1nea, la alcald\u00eda dio inicio al programa Bacheo Expr\u00e9s, una estrategia de respuesta inmediata a los reportes ciudadanos relacionados con el deterioro de la red vial. Como parte de este esfuerzo, se ejecutan trabajos t\u00e9cnicos de marcado, corte de bache y resane de subestructura en sectores clave como el puente de la residencial Las Uvas, sobre el anillo perif\u00e9rico, as\u00ed como en tramos del bulevar Fuerzas Armadas, desde la colonia 21 de Febrero hasta la residencial Centroam\u00e9rica, con el objetivo de mejorar la seguridad y el tr\u00e1nsito.<\/p>\n\n\n\n<p>En el \u00e1mbito de la limpieza urbana, la administraci\u00f3n municipal desarroll\u00f3 operativos intensivos que permitieron la recolecci\u00f3n de m\u00e1s de 85 toneladas de desechos s\u00f3lidos en zonas que presentaban acumulaciones prolongadas de basura, algunas de ellas con m\u00e1s de seis meses sin intervenci\u00f3n. Estas acciones buscan recuperar espacios p\u00fablicos, mejorar el entorno urbano y fortalecer la imagen de la capital.<\/p>\n\n\n\n<p>Los trabajos de limpieza se ejecutaron de manera progresiva en distintos sectores del Distrito Central, abarcando zonas residenciales, corredores viales y sectores de alta circulaci\u00f3n, incluyendo Residencial Plaza, El Carrizal, el bulevar Comunidad Econ\u00f3mica Europea, la calle Milenio, el casco hist\u00f3rico, Hato de Enmedio y la intersecci\u00f3n de Las Uvas, donde tambi\u00e9n se intervinieron \u00e1reas verdes y la v\u00eda principal.<\/p>\n\n\n\n<p>Con estas acciones iniciales, el alcalde Juan Diego Zelaya marca el inicio de una gesti\u00f3n orientada a resultados, con presencia activa en el territorio y el prop\u00f3sito de que la ciudad avance hacia un entorno m\u00e1s ordenado, limpio y funcional para el Distrito Central.<\/p>\n\n\n\n<p><a href=\"https:\/\/cdn.latribuna.hn\/wp-content\/uploads\/2026\/01\/juan-diego-zelaya-arranca-con-una-agenda-de-orden-movilidad-urbana-y-recuperacion-de-espacios-publicos-2.jpg\"><\/a><\/p>\n","protected":false},"excerpt":{"rendered":"<p>En los primeros tres d\u00edas de gesti\u00f3n al frente de la Alcald\u00eda del Distrito Central, el alcalde Juan Diego Zelaya ha puesto en marcha una agenda de trabajo continua y ejecutiva que evidencia a una gesti\u00f3n en acci\u00f3n, enfocada en el orden, la movilidad urbana y la recuperaci\u00f3n de espacios p\u00fablicos, con la visi\u00f3n de [&hellip;]<\/p>\n","protected":false},"author":2,"featured_media":3786,"comment_status":"closed","ping_status":"open","sticky":false,"template":"","format":"standard","meta":{"_seopress_robots_primary_cat":"","_seopress_titles_title":"","_seopress_titles_desc":"","_seopress_robots_index":"","footnotes":""},"categories":[1],"tags":[],"class_list":["post-3785","post","type-post","status-publish","format-standard","has-post-thumbnail","hentry","category-sin-categoria"],"_links":{"self":[{"href":"https:\/\/girasolmultimedios.com\/portal\/wp-json\/wp\/v2\/posts\/3785","targetHints":{"allow":["GET"]}}],"collection":[{"href":"https:\/\/girasolmultimedios.com\/portal\/wp-json\/wp\/v2\/posts"}],"about":[{"href":"https:\/\/girasolmultimedios.com\/portal\/wp-json\/wp\/v2\/types\/post"}],"author":[{"embeddable":true,"href":"https:\/\/girasolmultimedios.com\/portal\/wp-json\/wp\/v2\/users\/2"}],"replies":[{"embeddable":true,"href":"https:\/\/girasolmultimedios.com\/portal\/wp-json\/wp\/v2\/comments?post=3785"}],"version-history":[{"count":1,"href":"https:\/\/girasolmultimedios.com\/portal\/wp-json\/wp\/v2\/posts\/3785\/revisions"}],"predecessor-version":[{"id":3787,"href":"https:\/\/girasolmultimedios.com\/portal\/wp-json\/wp\/v2\/posts\/3785\/revisions\/3787"}],"wp:featuredmedia":[{"embeddable":true,"href":"https:\/\/girasolmultimedios.com\/portal\/wp-json\/wp\/v2\/media\/3786"}],"wp:attachment":[{"href":"https:\/\/girasolmultimedios.com\/portal\/wp-json\/wp\/v2\/media?parent=3785"}],"wp:term":[{"taxonomy":"category","embeddable":true,"href":"https:\/\/girasolmultimedios.com\/portal\/wp-json\/wp\/v2\/categories?post=3785"},{"taxonomy":"post_tag","embeddable":true,"href":"https:\/\/girasolmultimedios.com\/portal\/wp-json\/wp\/v2\/tags?post=3785"}],"curies":[{"name":"wp","href":"https:\/\/api.w.org\/{rel}","templated":true}]}}