{"id":3788,"date":"2026-02-02T08:26:42","date_gmt":"2026-02-02T14:26:42","guid":{"rendered":"https:\/\/girasolmultimedios.com\/portal\/?p=3788"},"modified":"2026-02-02T08:26:43","modified_gmt":"2026-02-02T14:26:43","slug":"costa-rica-gira-a-la-derecha-al-elegir-presidenta-a-laura-fernandez-quien-anuncia-un-cambio-profundo-e-irreversible","status":"publish","type":"post","link":"https:\/\/girasolmultimedios.com\/portal\/costa-rica-gira-a-la-derecha-al-elegir-presidenta-a-laura-fernandez-quien-anuncia-un-cambio-profundo-e-irreversible\/","title":{"rendered":"Costa Rica gira a la derecha al elegir presidenta a Laura Fern\u00e1ndez, quien anuncia un \u00abcambio profundo e irreversible\u00bb"},"content":{"rendered":"\n<p>La candidata del derechista Partido Pueblo Soberano, la oficialista Laura Fern\u00e1ndez, se convirti\u00f3 este domingo en la ganadora de las elecciones presidenciales de Costa Rica en primera ronda, en la que obtuvo el un apoyo del 48,5 % de los votos con el 88,4 % de las mesas escrutadas.<\/p>\n\n\n\n<p>Fern\u00e1ndez,\u00a0una polit\u00f3loga de 39 a\u00f1os, super\u00f3 con creces el 40 % de apoyo necesario para ganar en la primera ronda, y venci\u00f3 al candidato \u00c1lvaro Ramos, del socialdem\u00f3crata Partido Liberaci\u00f3n Nacional, quien sum\u00f3 el 32,12 % de los votos, seg\u00fan los resultados publicados por el Tribunal Supremo de Elecciones.<\/p>\n\n\n\n<p>El Partido Pueblo Soberano de Fern\u00e1ndez obtuvo 30 de los 57 diputados del Congreso, seg\u00fan los datos preliminares, pero deber\u00e1 buscar acuerdos para las reformas profundas que requieran el voto de dos terceras partes del Legislativo.<\/p>\n\n\n\n<p>Ninguno de los restantes 18 aspirantes a la presidencia inscritos alcanz\u00f3 el 5 % de apoyo.<\/p>\n\n\n\n<p>Seg\u00fan los datos del Tribunal Supremo Electoral (TSE), la participaci\u00f3n en esta jornada de comicios alcanz\u00f3 el 69,5 %.<\/p>\n\n\n\n<h2 class=\"wp-block-heading\" id=\"h-un-cambio-profundo-e-irreversible-para-el-pais\">Un \u00abcambio profundo e irreversible\u00bb para el pa\u00eds<\/h2>\n\n\n\n<p>Tras confirmarse su victoria electoral, Fern\u00e1ndez anunci\u00f3 en su discurso un \u00abcambio profundo e irreversible\u00bb para fundar \u00abla tercera rep\u00fablica\u00bb y prometi\u00f3 a la oposici\u00f3n que su Gobierno ser\u00e1 de \u00abdi\u00e1logo y conciliaci\u00f3n\u00bb.<\/p>\n\n\n\n<p>\u00abNos toca edificar la tercera rep\u00fablica. El mandato que me da el pueblo soberano es claro, el cambio ser\u00e1 profundo e irreversible\u00bb, expres\u00f3 Fern\u00e1ndez desde una tarima ubicada en las afueras de un hotel de San Jos\u00e9, donde se reunieron cientos de sus seguidores.<\/p>\n\n\n\n<p>En Costa Rica se conoce como segunda rep\u00fablica los cambios pol\u00edticos que surgieron despu\u00e9s de la guerra civil de 1948, como por ejemplo la abolici\u00f3n del Ej\u00e9rcito y la redacci\u00f3n de una nueva Constituci\u00f3n Pol\u00edtica.<\/p>\n\n\n\n<p>Fern\u00e1ndez, quien asumir\u00e1 el cargo el 8 de mayo pr\u00f3ximo, no detall\u00f3 los cambios que quiere impulsar en la \u00abtercera rep\u00fablica\u00bb, pero durante su campa\u00f1a prometi\u00f3 reformar el Poder Judicial y otras instituciones del Estado, al tiempo que l\u00edderes de su partido reconocieron que uno de los objetivos es reformar la Constituci\u00f3n Pol\u00edtica para permitir la reelecci\u00f3n consecutiva.<\/p>\n\n\n\n<p>Por su parte, el candidato \u00c1lvaro Ramos asumi\u00f3 la derrota y prometi\u00f3 que har\u00e1 una \u00aboposici\u00f3n constructiva\u00bb.<\/p>\n\n\n\n<p>\u00abLe deseo a do\u00f1a Laura Fern\u00e1ndez que Dios le d\u00e9 mucha sabidur\u00eda para gobernar y nosotros la respaldaremos cuando sus decisiones sean en bien del pa\u00eds y no lo haremos cuando no estemos de acuerdo. El norte es seguir construyendo esta Costa Rica con tres grandes valores: libertad, oportunidad y una vida digna para todos\u00bb, afirm\u00f3 Ramos.<\/p>\n\n\n\n<p>\u00abSeremos una oposici\u00f3n constructiva, pero eso no significa que hagan cosas indebidas, en democracia se vale discernir y se vale criticar; y tambi\u00e9n demostraremos que podemos cumplir los acuerdos. (\u2026) La sociedad civil tiene que seguir fuerte y participativa, no caigan en su esp\u00edritu de lucha, sigamos trabajando por resolver los problemas todos juntos\u00bb, expres\u00f3.<\/p>\n\n\n\n<h2 class=\"wp-block-heading\" id=\"h-asi-fue-la-campana-de-laura-fernandez\">As\u00ed fue la campa\u00f1a de Laura Fern\u00e1ndez<\/h2>\n\n\n\n<p>Fern\u00e1ndez, quien fue ministra de la Presidencia y de Planificaci\u00f3n del actual\u00a0Gobierno de Chaves, se ha proclamado como \u00abheredera\u00bb del presidente Rodrigo Chaves, un economista de derecha con alta popularidad y un discurso caracterizado por las cr\u00edticas al resto de poderes del Estado.<\/p>\n\n\n\n<p>La inseguridad y\u00a0el auge del narcotr\u00e1fico\u00a0fue uno de los principales temas de campa\u00f1a de la candidata, ya que son vistos por la poblaci\u00f3n como el principal problema del pa\u00eds.<\/p>\n\n\n\n<p>Durante la campa\u00f1a Fern\u00e1ndez prometi\u00f3 establecer un estado de excepci\u00f3n en zonas conflictivas para combatir el narcotr\u00e1fico, reformar el Poder Judicial e impulsar la modernizaci\u00f3n de puertos, aeropuertos y carreteras.<\/p>\n\n\n\n<p>En una sesi\u00f3n solemne, la presidenta del Tribunal Supremo de Elecciones, Eugenia Zamora, solicit\u00f3 \u00abrespetar el veredicto de las urnas sin renunciar a la cr\u00edtica democracia y vigilancia de los gobernantes\u00bb, e hizo un llamado a la \u00abresponsabilidad para frenar la escalada de insultos\u00bb, que no acerca al pa\u00eds en la b\u00fasqueda de soluciones para luchar contra la \u00abpobreza, la ignorancia y la criminalidad\u00bb.<\/p>\n\n\n\n<h2 class=\"wp-block-heading\" id=\"h-como-ganar-las-elecciones-en-la-primera-vuelta-en-costa-rica\">\u00bfC\u00f3mo ganar las elecciones en la primera vuelta en Costa Rica?<\/h2>\n\n\n\n<p>Para ganar en primera ronda, un candidato debe obtener al menos 40 % de los votos v\u00e1lidos. Si ninguno llega a ese porcentaje, ser\u00eda necesaria una segunda ronda, que estaba prevista para el pr\u00f3ximo 5 de abril.<\/p>\n\n\n\n<p>En total 3,7 millones de costarricenses estuvieron habilitados para votar en las 7.154 juntas receptoras de votos ubicadas, en su mayor\u00eda, en centros educativos p\u00fablicos de todo el pa\u00eds, adem\u00e1s de mesas de votaci\u00f3n en las c\u00e1rceles para 10.730 reclusos; en hogares de ancianos y 49 consulados en 42 pa\u00edses.<\/p>\n\n\n\n<p>Para estas elecciones se inscribieron 20 candidatos presidenciales y 1.207 aspirantes a los 57 esca\u00f1os de diputados.<\/p>\n\n\n\n<p>Durante la jornada los candidatos presidenciales acudieron a las urnas\u00a0acompa\u00f1ados por sus seguidores\u00a0en medio de un ambiente festivo, e hicieron un llamado a la poblaci\u00f3n a vivir la fiesta democr\u00e1tica del pa\u00eds y a votar en libertad. EFE<\/p>\n","protected":false},"excerpt":{"rendered":"<p>La candidata del derechista Partido Pueblo Soberano, la oficialista Laura Fern\u00e1ndez, se convirti\u00f3 este domingo en la ganadora de las elecciones presidenciales de Costa Rica en primera ronda, en la que obtuvo el un apoyo del 48,5 % de los votos con el 88,4 % de las mesas escrutadas. Fern\u00e1ndez,\u00a0una polit\u00f3loga de 39 a\u00f1os, super\u00f3 [&hellip;]<\/p>\n","protected":false},"author":2,"featured_media":3789,"comment_status":"closed","ping_status":"open","sticky":false,"template":"","format":"standard","meta":{"_seopress_robots_primary_cat":"","_seopress_titles_title":"","_seopress_titles_desc":"","_seopress_robots_index":"","footnotes":""},"categories":[45],"tags":[],"class_list":["post-3788","post","type-post","status-publish","format-standard","has-post-thumbnail","hentry","category-internacionales"],"_links":{"self":[{"href":"https:\/\/girasolmultimedios.com\/portal\/wp-json\/wp\/v2\/posts\/3788","targetHints":{"allow":["GET"]}}],"collection":[{"href":"https:\/\/girasolmultimedios.com\/portal\/wp-json\/wp\/v2\/posts"}],"about":[{"href":"https:\/\/girasolmultimedios.com\/portal\/wp-json\/wp\/v2\/types\/post"}],"author":[{"embeddable":true,"href":"https:\/\/girasolmultimedios.com\/portal\/wp-json\/wp\/v2\/users\/2"}],"replies":[{"embeddable":true,"href":"https:\/\/girasolmultimedios.com\/portal\/wp-json\/wp\/v2\/comments?post=3788"}],"version-history":[{"count":1,"href":"https:\/\/girasolmultimedios.com\/portal\/wp-json\/wp\/v2\/posts\/3788\/revisions"}],"predecessor-version":[{"id":3790,"href":"https:\/\/girasolmultimedios.com\/portal\/wp-json\/wp\/v2\/posts\/3788\/revisions\/3790"}],"wp:featuredmedia":[{"embeddable":true,"href":"https:\/\/girasolmultimedios.com\/portal\/wp-json\/wp\/v2\/media\/3789"}],"wp:attachment":[{"href":"https:\/\/girasolmultimedios.com\/portal\/wp-json\/wp\/v2\/media?parent=3788"}],"wp:term":[{"taxonomy":"category","embeddable":true,"href":"https:\/\/girasolmultimedios.com\/portal\/wp-json\/wp\/v2\/categories?post=3788"},{"taxonomy":"post_tag","embeddable":true,"href":"https:\/\/girasolmultimedios.com\/portal\/wp-json\/wp\/v2\/tags?post=3788"}],"curies":[{"name":"wp","href":"https:\/\/api.w.org\/{rel}","templated":true}]}}