{"id":3791,"date":"2026-02-02T08:28:46","date_gmt":"2026-02-02T14:28:46","guid":{"rendered":"https:\/\/girasolmultimedios.com\/portal\/?p=3791"},"modified":"2026-02-02T08:28:46","modified_gmt":"2026-02-02T14:28:46","slug":"petro-viaja-a-estados-unidos-para-su-crucial-reunion-con-trump-en-la-casa-blanca","status":"publish","type":"post","link":"https:\/\/girasolmultimedios.com\/portal\/petro-viaja-a-estados-unidos-para-su-crucial-reunion-con-trump-en-la-casa-blanca\/","title":{"rendered":"Petro viaja a Estados Unidos para su crucial reuni\u00f3n con Trump en la Casa Blanca"},"content":{"rendered":"\n<p>El presidente de Colombia, Gustavo Petro, viaja este domingo a Washington para su crucial reuni\u00f3n con su hom\u00f3logo estadounidense, Donald Trump, quien lo recibir\u00e1 el martes en la Casa Blanca con el objetivo de recomponer la relaci\u00f3n bilateral deteriorada en el \u00faltimo a\u00f1o por ataques verbales mutuos.<\/p>\n\n\n\n<p>Antes de iniciar su viaje a la capital estadounidense, para el que recibi\u00f3 un visado espacial luego de que el Departamento de Estado estadounidense se lo cancelara tras su inclusi\u00f3n en la llamada \u2018lista Clinton\u2019, Petro anunci\u00f3 que se entrevist\u00f3 con el jefe de misi\u00f3n de la embajada de Estados Unidos en Colombia, John McNamara.<\/p>\n\n\n\n<p>\u00abEmpiezo mi jornada de comunicaci\u00f3n intensa con el gobierno de los EEUU, con mi entrevista con el representante de negocios de los EEUU en Colombia McNamara\u00bb, escribi\u00f3 Petro en su cuenta de X.<\/p>\n\n\n\n<p>En la publicaci\u00f3n el presidente colombiano se sum\u00f3, sin mencionarlo, a la convocatoria que hab\u00eda hecho la tarde de este domingo el senador Iv\u00e1n Cepeda, candidato presidencial izquierdista del oficialista Pacto Hist\u00f3rico, que pidi\u00f3 a sus seguidores manifestarse el martes en Bogot\u00e1 mientras Petro se re\u00fane con Trump.<\/p>\n\n\n\n<p>\u00abQue el martes, si no llueve, la plaza de Bol\u00edvar se llene para defender la democracia, el salario vital y la paz de Colombia mientras me re\u00fana con Trump\u00bb, escribi\u00f3 Petro.<\/p>\n\n\n\n<h2 class=\"wp-block-heading\" id=\"h-reunion-despues-de-varios-roces\">Reuni\u00f3n despu\u00e9s de varios roces<\/h2>\n\n\n\n<p>La reuni\u00f3n de Petro y Trump se da un a\u00f1o despu\u00e9s de varios desencuentros entre ambos mandatarios, que se iniciaron el 26 de enero de 2025 cuando el presidente colombiano no autoriz\u00f3 la entrada al pa\u00eds de dos vuelos con migrantes procedentes de Estados Unidos al denunciar un \u00abtrato indigno\u00bb para sus connacionales.<\/p>\n\n\n\n<p>Ese episodio, que estuvo a punto de desembocar en la primera guerra arancelaria de Estados Unidos con Colombia por las amenazas de Trump, se resolvi\u00f3 el mismo d\u00eda pero dej\u00f3 una herida en una s\u00f3lida relaci\u00f3n bilateral que se fue agrandando en los meses siguientes.<\/p>\n\n\n\n<p>Adem\u00e1s de los temas migratorios, ambos mandatarios han expuesto profundas diferencias en asuntos como la cooperaci\u00f3n en la lucha contra el narcotr\u00e1fico y las acciones de Estados Unidos en Venezuela, incluidos los ataques del 3 de enero en Caracas en los que fue capturado Nicol\u00e1s Maduro junto con su esposa, Cilia Flores.<\/p>\n\n\n\n<h2 class=\"wp-block-heading\" id=\"h-otros-temas-en-la-agenda\">Otros temas en la agenda<\/h2>\n\n\n\n<p>Seg\u00fan la Presidencia de Colombia, Petro tambi\u00e9n desarrollar\u00e1 en Washington una agenda que incluye actividades pol\u00edticas, acad\u00e9micas, empresariales y con la comunidad colombiana en Estados Unidos.<\/p>\n\n\n\n<p>El mandatario ofrecer\u00e1 una charla sobre cambio clim\u00e1tico en la Universidad de Georgetown y sostendr\u00e1 reuniones con empresarios del sector del cacao centradas en comercio, sostenibilidad y proyecci\u00f3n internacional del producto.<\/p>\n\n\n\n<p>La agenda tambi\u00e9n contempla encuentros con congresistas estadounidenses para fortalecer el di\u00e1logo pol\u00edtico y legislativo bilateral, as\u00ed como una reuni\u00f3n con la di\u00e1spora colombiana en la biblioteca Martin Luther King, en la capital estadounidense. EFE<\/p>\n","protected":false},"excerpt":{"rendered":"<p>El presidente de Colombia, Gustavo Petro, viaja este domingo a Washington para su crucial reuni\u00f3n con su hom\u00f3logo estadounidense, Donald Trump, quien lo recibir\u00e1 el martes en la Casa Blanca con el objetivo de recomponer la relaci\u00f3n bilateral deteriorada en el \u00faltimo a\u00f1o por ataques verbales mutuos. Antes de iniciar su viaje a la capital [&hellip;]<\/p>\n","protected":false},"author":2,"featured_media":3792,"comment_status":"closed","ping_status":"open","sticky":false,"template":"","format":"standard","meta":{"_seopress_robots_primary_cat":"","_seopress_titles_title":"","_seopress_titles_desc":"","_seopress_robots_index":"","footnotes":""},"categories":[45],"tags":[],"class_list":["post-3791","post","type-post","status-publish","format-standard","has-post-thumbnail","hentry","category-internacionales"],"_links":{"self":[{"href":"https:\/\/girasolmultimedios.com\/portal\/wp-json\/wp\/v2\/posts\/3791","targetHints":{"allow":["GET"]}}],"collection":[{"href":"https:\/\/girasolmultimedios.com\/portal\/wp-json\/wp\/v2\/posts"}],"about":[{"href":"https:\/\/girasolmultimedios.com\/portal\/wp-json\/wp\/v2\/types\/post"}],"author":[{"embeddable":true,"href":"https:\/\/girasolmultimedios.com\/portal\/wp-json\/wp\/v2\/users\/2"}],"replies":[{"embeddable":true,"href":"https:\/\/girasolmultimedios.com\/portal\/wp-json\/wp\/v2\/comments?post=3791"}],"version-history":[{"count":1,"href":"https:\/\/girasolmultimedios.com\/portal\/wp-json\/wp\/v2\/posts\/3791\/revisions"}],"predecessor-version":[{"id":3793,"href":"https:\/\/girasolmultimedios.com\/portal\/wp-json\/wp\/v2\/posts\/3791\/revisions\/3793"}],"wp:featuredmedia":[{"embeddable":true,"href":"https:\/\/girasolmultimedios.com\/portal\/wp-json\/wp\/v2\/media\/3792"}],"wp:attachment":[{"href":"https:\/\/girasolmultimedios.com\/portal\/wp-json\/wp\/v2\/media?parent=3791"}],"wp:term":[{"taxonomy":"category","embeddable":true,"href":"https:\/\/girasolmultimedios.com\/portal\/wp-json\/wp\/v2\/categories?post=3791"},{"taxonomy":"post_tag","embeddable":true,"href":"https:\/\/girasolmultimedios.com\/portal\/wp-json\/wp\/v2\/tags?post=3791"}],"curies":[{"name":"wp","href":"https:\/\/api.w.org\/{rel}","templated":true}]}}