{"id":3794,"date":"2026-02-02T08:42:17","date_gmt":"2026-02-02T14:42:17","guid":{"rendered":"https:\/\/girasolmultimedios.com\/portal\/?p=3794"},"modified":"2026-02-02T08:42:17","modified_gmt":"2026-02-02T14:42:17","slug":"pese-a-bajas-temperaturas-peregrinos-cumplen-promesas-a-la-virgen-de-suyapa","status":"publish","type":"post","link":"https:\/\/girasolmultimedios.com\/portal\/pese-a-bajas-temperaturas-peregrinos-cumplen-promesas-a-la-virgen-de-suyapa\/","title":{"rendered":"Pese a bajas temperaturas peregrinos cumplen promesas a la Virgen de Suyapa"},"content":{"rendered":"\n<p>A pesar del intenso fr\u00edo que azota la capital hondure\u00f1a, con sensaciones t\u00e9rmicas que han descendido a niveles hist\u00f3ricos, miles de peregrinos provenientes de diversas regiones del pa\u00eds contin\u00faan llegando con profunda fe y devoci\u00f3n a la Bas\u00edlica Menor de Nuestra Se\u00f1ora de Suyapa para venerar a la \u201cMorenita\u201d, Patrona de Honduras, y cumplir sus promesas personales.<\/p>\n\n\n\n<p>Seg\u00fan registros del Centro Nacional de Estudios Atmosf\u00e9ricos, Oceanogr\u00e1ficos y S\u00edsmicos (CENAOS) de la Comisi\u00f3n Permanente de Contingencias (COPECO), la temperatura real en las estaciones meteorol\u00f3gicas de Tegucigalpa ha alcanzado m\u00ednimas de 9 \u00b0C.<\/p>\n\n\n\n<figure class=\"wp-block-image size-large\"><img alt=\"\" loading=\"lazy\" decoding=\"async\" width=\"1024\" height=\"768\" src=\"https:\/\/girasolmultimedios.com\/portal\/wp-content\/uploads\/624974700_122175632462424151_8363383561079735306_n-1024x768.jpg\" alt=\"\" class=\"wp-image-3796\" srcset=\"https:\/\/girasolmultimedios.com\/portal\/wp-content\/uploads\/624974700_122175632462424151_8363383561079735306_n-1024x768.jpg 1024w, https:\/\/girasolmultimedios.com\/portal\/wp-content\/uploads\/624974700_122175632462424151_8363383561079735306_n-300x225.jpg 300w, https:\/\/girasolmultimedios.com\/portal\/wp-content\/uploads\/624974700_122175632462424151_8363383561079735306_n-150x113.jpg 150w, https:\/\/girasolmultimedios.com\/portal\/wp-content\/uploads\/624974700_122175632462424151_8363383561079735306_n-768x576.jpg 768w, https:\/\/girasolmultimedios.com\/portal\/wp-content\/uploads\/624974700_122175632462424151_8363383561079735306_n-1536x1152.jpg 1536w, https:\/\/girasolmultimedios.com\/portal\/wp-content\/uploads\/624974700_122175632462424151_8363383561079735306_n.jpg 1600w\" sizes=\"auto, (max-width: 1024px) 100vw, 1024px\" \/><\/figure>\n\n\n\n<p>Sin embargo, las fuertes rachas de viento superiores a los 40 km\/h han generado un marcado enfriamiento por viento, haciendo que la poblaci\u00f3n perciba valores cercanos a los 4 \u00b0C, especialmente en zonas elevadas de la ciudad.<\/p>\n\n\n\n<p>Este frente fr\u00edo ha llevado a los capitalinos a recurrir masivamente a abrigos pesados, gorros, bufandas y mantas, evocando en la memoria colectiva inviernos casi olvidados en el clima subtropical de Honduras.<\/p>\n\n\n\n<p>Las bajas temperaturas no han mermado el fervor religioso. Los fieles cat\u00f3licos, muchos de ellos tras largas caminatas o viajes desde el interior del pa\u00eds, llegan a la Bas\u00edlica para rendir homenaje a la Virgen de Suyapa, cuya festividad central se conmemora ma\u00f1ana 3 de febrero, d\u00eda en que se celebra el 279 aniversario del hallazgo de su imagen en 1747.<\/p>\n\n\n\n<p>La devoci\u00f3n a la \u201cMorenita\u201d une a familias enteras en una manifestaci\u00f3n de fe, identidad nacional y tradici\u00f3n que se mantiene inquebrantable generaci\u00f3n tras generaci\u00f3n.Ante el panorama clim\u00e1tico adverso, las autoridades de CENAOS-COPECO y la Secretar\u00eda de Estado en los Despachos de Salud (SESAL) han reiterado las recomendaciones para extremar cuidados, especialmente con ni\u00f1os, adultos mayores y personas con condiciones respiratorias preexistentes.<\/p>\n\n\n\n<p>El fr\u00edo intenso incrementa el riesgo de infecciones respiratorias y otras afecciones asociadas.<\/p>\n\n\n\n<figure class=\"wp-block-image size-large\"><img alt=\"\" loading=\"lazy\" decoding=\"async\" width=\"1024\" height=\"768\" src=\"https:\/\/girasolmultimedios.com\/portal\/wp-content\/uploads\/625308493_122175632450424151_1294997911243723654_n-1024x768.jpg\" alt=\"\" class=\"wp-image-3797\" srcset=\"https:\/\/girasolmultimedios.com\/portal\/wp-content\/uploads\/625308493_122175632450424151_1294997911243723654_n-1024x768.jpg 1024w, https:\/\/girasolmultimedios.com\/portal\/wp-content\/uploads\/625308493_122175632450424151_1294997911243723654_n-300x225.jpg 300w, https:\/\/girasolmultimedios.com\/portal\/wp-content\/uploads\/625308493_122175632450424151_1294997911243723654_n-150x113.jpg 150w, https:\/\/girasolmultimedios.com\/portal\/wp-content\/uploads\/625308493_122175632450424151_1294997911243723654_n-768x576.jpg 768w, https:\/\/girasolmultimedios.com\/portal\/wp-content\/uploads\/625308493_122175632450424151_1294997911243723654_n.jpg 1280w\" sizes=\"auto, (max-width: 1024px) 100vw, 1024px\" \/><\/figure>\n\n\n\n<p>Se insta a la poblaci\u00f3n a abrigarse adecuadamente, evitar exposici\u00f3n prolongada al viento y fr\u00edo, hidratarse y permanecer atenta a los partes meteorol\u00f3gicos oficiales.<\/p>\n\n\n\n<p>La Bas\u00edlica de Suyapa y las autoridades municipales contin\u00faan coordinando operativos de seguridad, atenci\u00f3n humanitaria y log\u00edstica para recibir a los peregrinos en estos d\u00edas centrales de celebraci\u00f3n.<\/p>\n\n\n\n<figure class=\"wp-block-image size-large\"><img alt=\"\" loading=\"lazy\" decoding=\"async\" width=\"1024\" height=\"768\" src=\"https:\/\/girasolmultimedios.com\/portal\/wp-content\/uploads\/624099922_122175633032424151_4044831530152751554_n-1024x768.jpg\" alt=\"\" class=\"wp-image-3798\" srcset=\"https:\/\/girasolmultimedios.com\/portal\/wp-content\/uploads\/624099922_122175633032424151_4044831530152751554_n-1024x768.jpg 1024w, https:\/\/girasolmultimedios.com\/portal\/wp-content\/uploads\/624099922_122175633032424151_4044831530152751554_n-300x225.jpg 300w, https:\/\/girasolmultimedios.com\/portal\/wp-content\/uploads\/624099922_122175633032424151_4044831530152751554_n-150x113.jpg 150w, https:\/\/girasolmultimedios.com\/portal\/wp-content\/uploads\/624099922_122175633032424151_4044831530152751554_n-768x576.jpg 768w, https:\/\/girasolmultimedios.com\/portal\/wp-content\/uploads\/624099922_122175633032424151_4044831530152751554_n-1536x1152.jpg 1536w, https:\/\/girasolmultimedios.com\/portal\/wp-content\/uploads\/624099922_122175633032424151_4044831530152751554_n.jpg 1600w\" sizes=\"auto, (max-width: 1024px) 100vw, 1024px\" \/><\/figure>\n","protected":false},"excerpt":{"rendered":"<p>A pesar del intenso fr\u00edo que azota la capital hondure\u00f1a, con sensaciones t\u00e9rmicas que han descendido a niveles hist\u00f3ricos, miles de peregrinos provenientes de diversas regiones del pa\u00eds contin\u00faan llegando con profunda fe y devoci\u00f3n a la Bas\u00edlica Menor de Nuestra Se\u00f1ora de Suyapa para venerar a la \u201cMorenita\u201d, Patrona de Honduras, y cumplir sus [&hellip;]<\/p>\n","protected":false},"author":2,"featured_media":3795,"comment_status":"closed","ping_status":"open","sticky":false,"template":"","format":"standard","meta":{"_seopress_robots_primary_cat":"","_seopress_titles_title":"","_seopress_titles_desc":"","_seopress_robots_index":"","footnotes":""},"categories":[23],"tags":[],"class_list":["post-3794","post","type-post","status-publish","format-standard","has-post-thumbnail","hentry","category-nacionales"],"_links":{"self":[{"href":"https:\/\/girasolmultimedios.com\/portal\/wp-json\/wp\/v2\/posts\/3794","targetHints":{"allow":["GET"]}}],"collection":[{"href":"https:\/\/girasolmultimedios.com\/portal\/wp-json\/wp\/v2\/posts"}],"about":[{"href":"https:\/\/girasolmultimedios.com\/portal\/wp-json\/wp\/v2\/types\/post"}],"author":[{"embeddable":true,"href":"https:\/\/girasolmultimedios.com\/portal\/wp-json\/wp\/v2\/users\/2"}],"replies":[{"embeddable":true,"href":"https:\/\/girasolmultimedios.com\/portal\/wp-json\/wp\/v2\/comments?post=3794"}],"version-history":[{"count":1,"href":"https:\/\/girasolmultimedios.com\/portal\/wp-json\/wp\/v2\/posts\/3794\/revisions"}],"predecessor-version":[{"id":3799,"href":"https:\/\/girasolmultimedios.com\/portal\/wp-json\/wp\/v2\/posts\/3794\/revisions\/3799"}],"wp:featuredmedia":[{"embeddable":true,"href":"https:\/\/girasolmultimedios.com\/portal\/wp-json\/wp\/v2\/media\/3795"}],"wp:attachment":[{"href":"https:\/\/girasolmultimedios.com\/portal\/wp-json\/wp\/v2\/media?parent=3794"}],"wp:term":[{"taxonomy":"category","embeddable":true,"href":"https:\/\/girasolmultimedios.com\/portal\/wp-json\/wp\/v2\/categories?post=3794"},{"taxonomy":"post_tag","embeddable":true,"href":"https:\/\/girasolmultimedios.com\/portal\/wp-json\/wp\/v2\/tags?post=3794"}],"curies":[{"name":"wp","href":"https:\/\/api.w.org\/{rel}","templated":true}]}}