{"id":3800,"date":"2026-02-02T08:55:02","date_gmt":"2026-02-02T14:55:02","guid":{"rendered":"https:\/\/girasolmultimedios.com\/portal\/?p=3800"},"modified":"2026-02-02T08:55:02","modified_gmt":"2026-02-02T14:55:02","slug":"diputados-convocados-para-elegir-al-nuevo-procurador-y-subprocurador","status":"publish","type":"post","link":"https:\/\/girasolmultimedios.com\/portal\/diputados-convocados-para-elegir-al-nuevo-procurador-y-subprocurador\/","title":{"rendered":"Diputados convocados para elegir al nuevo Procurador y Subprocurador"},"content":{"rendered":"\n<p>Este lunes 2 de febrero, los 128 diputados del Congreso Nacional de Honduras se encuentran convocados en sesi\u00f3n plenaria para, entre otros puntos de agenda, elegir al nuevo Procurador General de la Rep\u00fablica y al Subprocurador General, cargos de alta relevancia que representan legalmente al Estado hondure\u00f1o tanto en el \u00e1mbito nacional como internacional.<\/p>\n\n\n\n<p>La elecci\u00f3n de estas autoridades requiere una mayor\u00eda calificada de al menos 86 votos favorables, conforme a lo establecido en la Constituci\u00f3n de la Rep\u00fablica y la normativa vigente.<\/p>\n\n\n\n<p>Este requisito obliga a las diferentes bancadas legislativas a alcanzar consensos y acuerdos pol\u00edticos previos para garantizar la aprobaci\u00f3n de las propuestas.<\/p>\n\n\n\n<p>De acuerdo con los acuerdos alcanzados entre las principales fuerzas pol\u00edticas, el Partido Nacional presentar\u00e1 la candidatura al cargo de Procurador General, se perfila como fuerte candidato el abogado Dagoberto Aspra Iglesias, mientras que el Partido Liberal propondr\u00e1 al aspirante para la Subprocuradur\u00eda General con Jos\u00e9 Francisco Quiroz como el nombre m\u00e1s mencionado en las \u00faltimas horas.<\/p>\n\n\n\n<p>Ambos partidos mayoritarios han avanzado en negociaciones que, seg\u00fan fuentes legislativas, contar\u00edan con el respaldo suficiente para alcanzar la mayor\u00eda requerida.<\/p>\n\n\n\n<p>La designaci\u00f3n de estas autoridades se produce en el marco del inicio de la legislatura 2026-2030 del Congreso Nacional, tras los comicios generales de noviembre de 2025, y coincide con la conclusi\u00f3n del per\u00edodo del actual titular de la Procuradur\u00eda General.<\/p>\n\n\n\n<p>La Procuradur\u00eda General de la Rep\u00fablica juega un rol fundamental en la defensa de los intereses del Estado, la representaci\u00f3n legal en juicios y la proyecci\u00f3n de una imagen institucional s\u00f3lida ante la comunidad internacional, aspectos que podr\u00edan incidir positivamente en la atracci\u00f3n de inversi\u00f3n extranjera y el fortalecimiento del Estado de derecho.<\/p>\n\n\n\n<p>Organizaciones de sociedad civil han expresado la expectativa de que la elecci\u00f3n se realice con transparencia, apego a la legalidad y priorizando perfiles id\u00f3neos, t\u00e9cnicos y comprometidos con la independencia institucional, evitando designaciones basadas exclusivamente en cuotas pol\u00edticas.<\/p>\n\n\n\n<p>El pleno legislativo fue convocado para la tarde de este lunes, siendo la elecci\u00f3n de procurador y subprocurador uno de los primeros puntos en la agenda.<\/p>\n","protected":false},"excerpt":{"rendered":"<p>Este lunes 2 de febrero, los 128 diputados del Congreso Nacional de Honduras se encuentran convocados en sesi\u00f3n plenaria para, entre otros puntos de agenda, elegir al nuevo Procurador General de la Rep\u00fablica y al Subprocurador General, cargos de alta relevancia que representan legalmente al Estado hondure\u00f1o tanto en el \u00e1mbito nacional como internacional. La [&hellip;]<\/p>\n","protected":false},"author":2,"featured_media":3801,"comment_status":"closed","ping_status":"open","sticky":false,"template":"","format":"standard","meta":{"_seopress_robots_primary_cat":"","_seopress_titles_title":"","_seopress_titles_desc":"","_seopress_robots_index":"","footnotes":""},"categories":[23],"tags":[],"class_list":["post-3800","post","type-post","status-publish","format-standard","has-post-thumbnail","hentry","category-nacionales"],"_links":{"self":[{"href":"https:\/\/girasolmultimedios.com\/portal\/wp-json\/wp\/v2\/posts\/3800","targetHints":{"allow":["GET"]}}],"collection":[{"href":"https:\/\/girasolmultimedios.com\/portal\/wp-json\/wp\/v2\/posts"}],"about":[{"href":"https:\/\/girasolmultimedios.com\/portal\/wp-json\/wp\/v2\/types\/post"}],"author":[{"embeddable":true,"href":"https:\/\/girasolmultimedios.com\/portal\/wp-json\/wp\/v2\/users\/2"}],"replies":[{"embeddable":true,"href":"https:\/\/girasolmultimedios.com\/portal\/wp-json\/wp\/v2\/comments?post=3800"}],"version-history":[{"count":1,"href":"https:\/\/girasolmultimedios.com\/portal\/wp-json\/wp\/v2\/posts\/3800\/revisions"}],"predecessor-version":[{"id":3802,"href":"https:\/\/girasolmultimedios.com\/portal\/wp-json\/wp\/v2\/posts\/3800\/revisions\/3802"}],"wp:featuredmedia":[{"embeddable":true,"href":"https:\/\/girasolmultimedios.com\/portal\/wp-json\/wp\/v2\/media\/3801"}],"wp:attachment":[{"href":"https:\/\/girasolmultimedios.com\/portal\/wp-json\/wp\/v2\/media?parent=3800"}],"wp:term":[{"taxonomy":"category","embeddable":true,"href":"https:\/\/girasolmultimedios.com\/portal\/wp-json\/wp\/v2\/categories?post=3800"},{"taxonomy":"post_tag","embeddable":true,"href":"https:\/\/girasolmultimedios.com\/portal\/wp-json\/wp\/v2\/tags?post=3800"}],"curies":[{"name":"wp","href":"https:\/\/api.w.org\/{rel}","templated":true}]}}