{"id":3806,"date":"2026-02-02T09:48:31","date_gmt":"2026-02-02T15:48:31","guid":{"rendered":"https:\/\/girasolmultimedios.com\/portal\/?p=3806"},"modified":"2026-02-02T09:48:31","modified_gmt":"2026-02-02T15:48:31","slug":"honduras-inicia-el-ano-escolar-2026","status":"publish","type":"post","link":"https:\/\/girasolmultimedios.com\/portal\/honduras-inicia-el-ano-escolar-2026\/","title":{"rendered":"Honduras inicia el a\u00f1o escolar 2026"},"content":{"rendered":"\n<p>Este lunes 2 de febrero de 2026 dio inicio formal el a\u00f1o lectivo 2026 en la modalidad de plan diario, aplicable a todos los niveles del sistema educativo p\u00fablico: preb\u00e1sica, b\u00e1sica, media y diversificada.<\/p>\n\n\n\n<p>Las clases regulares comenzaron hoy en miles de centros educativos p\u00fablicos a nivel nacional, tras la culminaci\u00f3n del per\u00edodo de matr\u00edcula y actividades preparatorias en d\u00edas previos.<\/p>\n\n\n\n<p>El calendario oficial establece aproximadamente 200 d\u00edas clase efectivos, con cierre programado hacia finales de noviembre de 2026, incluyendo recesos por Semana Santa, vacaciones de medio a\u00f1o y feriados nacionales.<\/p>\n\n\n\n<h3 class=\"wp-block-heading\"><strong>Principales aspectos del inicio del a\u00f1o escolar 2026:<\/strong><\/h3>\n\n\n\n<p><strong>Cobertura esperada:<\/strong>&nbsp;M\u00e1s de 1.9 millones de estudiantes en el sistema p\u00fablico, con esfuerzos continuos para reducir el abandono y la exclusi\u00f3n educativa (m\u00e1s de 1 mill\u00f3n de ni\u00f1os y j\u00f3venes a\u00fan fuera del sistema, seg\u00fan reportes de organizaciones como la ASJ).<\/p>\n\n\n\n<p><strong>Entrega de recursos:<\/strong>&nbsp;El gobierno prev\u00e9 la entrega masiva de textos escolares y gu\u00edas pedag\u00f3gicas para estudiantes y docentes, como parte del compromiso por garantizar materiales educativos oportunos.<\/p>\n\n\n\n<p><strong>Modalidades:<\/strong>&nbsp;Plan diario inicia 2 de febrero; plan fin de semana (para j\u00f3venes y adultos) arranca el 7 y 8 de febrero de 2026.<\/p>\n\n\n\n<p>Diferentes organizaciones de sociedad civil esperan que la administraci\u00f3n del presidente Nasry Asfura contin\u00fae con el fortalecimiento de la infraestructura, capacitaci\u00f3n docente continua, recuperaci\u00f3n de aprendizajes, merienda escolar y promoci\u00f3n de una educaci\u00f3n inclusiva, de calidad y con \u00e9nfasis en valores c\u00edvicos.<\/p>\n\n\n\n<p>La Secretar\u00eda de Educaci\u00f3n dar\u00e1 el banderillazo oficial este d\u00eda en un centro educativo de la capital hondure\u00f1a, dando as\u00ed inicio al a\u00f1o escolar 2026.<\/p>\n","protected":false},"excerpt":{"rendered":"<p>Este lunes 2 de febrero de 2026 dio inicio formal el a\u00f1o lectivo 2026 en la modalidad de plan diario, aplicable a todos los niveles del sistema educativo p\u00fablico: preb\u00e1sica, b\u00e1sica, media y diversificada. Las clases regulares comenzaron hoy en miles de centros educativos p\u00fablicos a nivel nacional, tras la culminaci\u00f3n del per\u00edodo de matr\u00edcula [&hellip;]<\/p>\n","protected":false},"author":2,"featured_media":3807,"comment_status":"closed","ping_status":"open","sticky":false,"template":"","format":"standard","meta":{"_seopress_robots_primary_cat":"","_seopress_titles_title":"","_seopress_titles_desc":"","_seopress_robots_index":"","footnotes":""},"categories":[1],"tags":[],"class_list":["post-3806","post","type-post","status-publish","format-standard","has-post-thumbnail","hentry","category-sin-categoria"],"_links":{"self":[{"href":"https:\/\/girasolmultimedios.com\/portal\/wp-json\/wp\/v2\/posts\/3806","targetHints":{"allow":["GET"]}}],"collection":[{"href":"https:\/\/girasolmultimedios.com\/portal\/wp-json\/wp\/v2\/posts"}],"about":[{"href":"https:\/\/girasolmultimedios.com\/portal\/wp-json\/wp\/v2\/types\/post"}],"author":[{"embeddable":true,"href":"https:\/\/girasolmultimedios.com\/portal\/wp-json\/wp\/v2\/users\/2"}],"replies":[{"embeddable":true,"href":"https:\/\/girasolmultimedios.com\/portal\/wp-json\/wp\/v2\/comments?post=3806"}],"version-history":[{"count":1,"href":"https:\/\/girasolmultimedios.com\/portal\/wp-json\/wp\/v2\/posts\/3806\/revisions"}],"predecessor-version":[{"id":3808,"href":"https:\/\/girasolmultimedios.com\/portal\/wp-json\/wp\/v2\/posts\/3806\/revisions\/3808"}],"wp:featuredmedia":[{"embeddable":true,"href":"https:\/\/girasolmultimedios.com\/portal\/wp-json\/wp\/v2\/media\/3807"}],"wp:attachment":[{"href":"https:\/\/girasolmultimedios.com\/portal\/wp-json\/wp\/v2\/media?parent=3806"}],"wp:term":[{"taxonomy":"category","embeddable":true,"href":"https:\/\/girasolmultimedios.com\/portal\/wp-json\/wp\/v2\/categories?post=3806"},{"taxonomy":"post_tag","embeddable":true,"href":"https:\/\/girasolmultimedios.com\/portal\/wp-json\/wp\/v2\/tags?post=3806"}],"curies":[{"name":"wp","href":"https:\/\/api.w.org\/{rel}","templated":true}]}}