{"id":3812,"date":"2026-02-02T09:53:28","date_gmt":"2026-02-02T15:53:28","guid":{"rendered":"https:\/\/girasolmultimedios.com\/portal\/?p=3812"},"modified":"2026-02-02T09:53:28","modified_gmt":"2026-02-02T15:53:28","slug":"zambrano-felicita-a-laura-fernandez-y-destaca-respaldo-legislativo-en-costa-rica","status":"publish","type":"post","link":"https:\/\/girasolmultimedios.com\/portal\/zambrano-felicita-a-laura-fernandez-y-destaca-respaldo-legislativo-en-costa-rica\/","title":{"rendered":"Zambrano felicita a Laura Fern\u00e1ndez y destaca respaldo legislativo en Costa Rica"},"content":{"rendered":"\n<p>El presidente del\u00a0Congreso Nacional de Honduras, Tom\u00e1s Zambrano, felicit\u00f3 a Laura Fern\u00e1ndez Delgado por su victoria en las elecciones presidenciales de Costa Rica y resalt\u00f3 que su triunfo cuenta con el respaldo de una mayor\u00eda clara en la Asamblea Legislativa, alcanzada por su partido Pueblo Soberano.<\/p>\n\n\n\n<p>Zambrano calific\u00f3 el resultado como una se\u00f1al contundente de gobernabilidad y fortalecimiento democr\u00e1tico.<\/p>\n\n\n\n<p>\u201cCuando el pueblo y el Congreso van en la misma direcci\u00f3n, hay mandato para gobernar, defender la democracia y frenar agendas ideol\u00f3gicas que dividen a nuestras naciones\u201d, expres\u00f3.<\/p>\n\n\n\n<p>Desde el Poder Legislativo hondure\u00f1o, el titular del Congreso reiter\u00f3 la disposici\u00f3n de fortalecer las relaciones con Costa Rica a trav\u00e9s del di\u00e1logo interparlamentario y la cooperaci\u00f3n regional.<\/p>\n\n\n\n<p>\u201cReiteramos nuestra disposici\u00f3n a profundizar el di\u00e1logo interparlamentario, el intercambio de buenas pr\u00e1cticas legislativas y la cooperaci\u00f3n regional con una Asamblea costarricense que contar\u00e1 con una representaci\u00f3n s\u00f3lida y definida\u201d, se\u00f1al\u00f3.<\/p>\n\n\n\n<p>El mensaje subraya el inter\u00e9s del Congreso Nacional de Honduras en consolidar v\u00ednculos institucionales con Costa Rica en una nueva etapa pol\u00edtica respaldada por un mandato popular y legislativo.<\/p>\n","protected":false},"excerpt":{"rendered":"<p>El presidente del\u00a0Congreso Nacional de Honduras, Tom\u00e1s Zambrano, felicit\u00f3 a Laura Fern\u00e1ndez Delgado por su victoria en las elecciones presidenciales de Costa Rica y resalt\u00f3 que su triunfo cuenta con el respaldo de una mayor\u00eda clara en la Asamblea Legislativa, alcanzada por su partido Pueblo Soberano. Zambrano calific\u00f3 el resultado como una se\u00f1al contundente de [&hellip;]<\/p>\n","protected":false},"author":2,"featured_media":3813,"comment_status":"closed","ping_status":"open","sticky":false,"template":"","format":"standard","meta":{"_seopress_robots_primary_cat":"","_seopress_titles_title":"","_seopress_titles_desc":"","_seopress_robots_index":"","footnotes":""},"categories":[1],"tags":[],"class_list":["post-3812","post","type-post","status-publish","format-standard","has-post-thumbnail","hentry","category-sin-categoria"],"_links":{"self":[{"href":"https:\/\/girasolmultimedios.com\/portal\/wp-json\/wp\/v2\/posts\/3812","targetHints":{"allow":["GET"]}}],"collection":[{"href":"https:\/\/girasolmultimedios.com\/portal\/wp-json\/wp\/v2\/posts"}],"about":[{"href":"https:\/\/girasolmultimedios.com\/portal\/wp-json\/wp\/v2\/types\/post"}],"author":[{"embeddable":true,"href":"https:\/\/girasolmultimedios.com\/portal\/wp-json\/wp\/v2\/users\/2"}],"replies":[{"embeddable":true,"href":"https:\/\/girasolmultimedios.com\/portal\/wp-json\/wp\/v2\/comments?post=3812"}],"version-history":[{"count":1,"href":"https:\/\/girasolmultimedios.com\/portal\/wp-json\/wp\/v2\/posts\/3812\/revisions"}],"predecessor-version":[{"id":3814,"href":"https:\/\/girasolmultimedios.com\/portal\/wp-json\/wp\/v2\/posts\/3812\/revisions\/3814"}],"wp:featuredmedia":[{"embeddable":true,"href":"https:\/\/girasolmultimedios.com\/portal\/wp-json\/wp\/v2\/media\/3813"}],"wp:attachment":[{"href":"https:\/\/girasolmultimedios.com\/portal\/wp-json\/wp\/v2\/media?parent=3812"}],"wp:term":[{"taxonomy":"category","embeddable":true,"href":"https:\/\/girasolmultimedios.com\/portal\/wp-json\/wp\/v2\/categories?post=3812"},{"taxonomy":"post_tag","embeddable":true,"href":"https:\/\/girasolmultimedios.com\/portal\/wp-json\/wp\/v2\/tags?post=3812"}],"curies":[{"name":"wp","href":"https:\/\/api.w.org\/{rel}","templated":true}]}}